{"id":62939,"date":"2018-02-19T15:06:25","date_gmt":"2018-02-19T20:06:25","guid":{"rendered":"https:\/\/www.myvacaya.com\/inte-alla-som-vandrar\/"},"modified":"2023-08-02T14:36:17","modified_gmt":"2023-08-02T18:36:17","slug":"inte-alla-som-vandrar","status":"publish","type":"post","link":"https:\/\/www.myvacaya.com\/sv\/inte-alla-som-vandrar\/","title":{"rendered":"Inte alla som vandrar&#8230;"},"content":{"rendered":"<p>[et_pb_section fb_built=&#8221;1&#8243; fullwidth=&#8221;on&#8221; admin_label=&#8221;Slider&#8221; module_id=&#8221;slider-sektion-inredning&#8221; _builder_version=&#8221;4.17.6&#8243; _module_preset=&#8221;default&#8221; background_enable_image=&#8221;off&#8221; global_colors_info=&#8221;{}&#8221;][et_pb_fullwidth_code admin_label=&#8221;Slider Overlay&#8221; module_class=&#8221;interior-page-overlay&#8221; _builder_version=&#8221;4.17.6&#8243; _module_preset=&#8221;default&#8221; positioning=&#8221;absolute&#8221; position_origin_a=&#8221;top_right&#8221; position_origin_f=&#8221;top_right&#8221; z_index=&#8221;100&#8243; width=&#8221;50%&#8221; width_tablet=&#8221;50%&#8221; width_phone=&#8221;100%&#8221; width_last_edited=&#8221;on|phone&#8221; height=&#8221;100vh&#8221; hover_enabled=&#8221;0&#8243; global_colors_info=&#8221;{}&#8221; sticky_enabled=&#8221;0&#8243;]<div class=\"trip-overlay\"><div class=\"trip-title\"><h1>Inte alla som vandrar&#8230;<\/h1><\/div><\/div>[\/et_pb_fullwidth_code][et_pb_fullwidth_slider show_arrows=&#8221;off&#8221; admin_label=&#8221;Slider Images&#8221; module_id=&#8221;slider-images&#8221; _builder_version=&#8221;4.17.6&#8243; _module_preset=&#8221;default&#8221; height=&#8221;100vh&#8221; auto=&#8221;on&#8221; global_colors_info=&#8221;{}&#8221;][et_pb_slide _builder_version=&#8221;4.17.6&#8243; _module_preset=&#8221;default&#8221; background_color=&#8221;RGBA(255,255,255,0)&#8221; background_enable_color=&#8221;on&#8221; background_image=&#8221;https:\/\/www.myvacaya.com\/wp-content\/uploads\/2018\/02\/not-all-who-wander-1440&#215;570-1.jpg&#8221; background_enable_image=&#8221;on&#8221; background_last_edited=&#8221;on|desktop&#8221; background_image_phone=&#8221;https:\/\/www.myvacaya.com\/wp-content\/uploads\/2018\/08\/not-all-who-wander-mobile-414&#215;500-1.jpg&#8221; background_enable_image_phone=&#8221;on&#8221; global_colors_info=&#8221;{}&#8221; sticky_transition=&#8221;on&#8221;][\/et_pb_slide][\/et_pb_fullwidth_slider][\/et_pb_section][et_pb_section fb_built=&#8221;1&#8243; custom_padding_last_edited=&#8221;on|phone&#8221; _builder_version=&#8221;4.17.6&#8243; _module_preset=&#8221;default&#8221; custom_padding=&#8221;||0%||false|false&#8221; custom_padding_tablet=&#8221;||||false|false&#8221; custom_padding_phone=&#8221;||||false|false&#8221; global_colors_info=&#8221;{}&#8221;][et_pb_row _builder_version=&#8221;4.17.6&#8243; _module_preset=&#8221;default&#8221; custom_padding=&#8221;||0%||false|false&#8221; global_colors_info=&#8221;{}&#8221;][et_pb_column type=&#8221;4_4&#8243; _builder_version=&#8221;4.17.6&#8243; _module_preset=&#8221;default&#8221; global_colors_info=&#8221;{}&#8221;][et_pb_text _builder_version=&#8221;4.17.6&#8243; _module_preset=&#8221;default&#8221; custom_margin=&#8221;||||false|false&#8221; custom_margin_tablet=&#8221;||||false|false&#8221; custom_margin_phone=&#8221;||||false|false&#8221; custom_margin_last_edited=&#8221;on|phone&#8221; custom_padding=&#8221;||4%||false|false&#8221; custom_padding_tablet=&#8221;||4%||false|false&#8221; custom_padding_phone=&#8221;||40px||false|false&#8221; custom_padding_last_edited=&#8221;on|phone&#8221; global_colors_info=&#8221;{}&#8221;]<\/p>\n<h4 style=\"text-align: center;\">Inte alla som vandrar&#8230; av Lisa Adams<\/h4>\n<p>&nbsp;<\/p>\n<p><em>&#8221;Den viktigaste anledningen till att g\u00e5 fr\u00e5n en plats till en annan \u00e4r att se vad som finns d\u00e4remellan.&#8221;  <\/em><br \/><strong><em>~ Norton Juster<\/em><\/strong><\/p>\n<p>Jag har h\u00e5llit fast vid det h\u00e4r citatet ett tag och eftersom jag ville dela det med dig letade jag upp sammanhanget. Jag gick precis ner i ett kaninh\u00e5l med Norton Juster-citat, och som ni alla s\u00e4kert vet \u00e4r ovanst\u00e5ende citat fr\u00e5n hans ber\u00f6mda barnbok <a href=\"https:\/\/www.amazon.com\/Phantom-Tollbooth-Norton-Juster\/dp\/0394820371\" target=\"_blank\" rel=\"noopener\"><strong>The Phantom Tollbooth<\/strong><\/a> . P\u00e5 n\u00e5got s\u00e4tt, p\u00e5 n\u00e4stan 46 \u00e5r, har den boken undg\u00e5tt min l\u00e4slista &#8211; tills nu. Har du l\u00e4st den?<\/p>\n<p>Det jag \u00e4lskar med det citatet g\u00e4ller resor, ja, men det handlar egentligen inte om st\u00e4llena vi \u00e5ker till, det \u00e4r vem vi blir under resan. Den d\u00e4r &#8221;mellan&#8221;-platsen \u00e4r en avst\u00e4ngd plats &#8211; inte bara en enkel resa h\u00e4rifr\u00e5n till dit. Vad rymmer dessa stunder d\u00e4remellan? Vad upplever vi d\u00e4r? Dessa sm\u00e5 tidspaket \u00e4r d\u00e4r vi l\u00e4r oss om oss sj\u00e4lva, vad vi \u00e4r kapabla till och var v\u00e5ra svagheter ligger. Mittemellan \u00e4r s\u00e4tet f\u00f6r transformation och uppt\u00e4ckt.<\/p>\n<p>Det finns en hel process f\u00f6r att best\u00e4mma vart vi vill g\u00e5; att unders\u00f6ka v\u00e5ra destinationer och k\u00f6pa biljetter \u00e4r s\u00e4tt som vi s\u00e4tter scenen f\u00f6r f\u00f6rv\u00e4ntningar. Jag l\u00e4ste nyss att n\u00e4r vi best\u00e4mmer oss f\u00f6r att ta en resa b\u00f6r vi k\u00f6pa biljetterna s\u00e5 tidigt som m\u00f6jligt. Detta k\u00f6p m\u00e5nader och m\u00e5nader bort fr\u00e5n tiden f\u00f6r sj\u00e4lva resan f\u00f6rl\u00e4nger upplevelsen, det f\u00e4rgar v\u00e5ra dagar fram till den med gl\u00e4dje och f\u00f6rv\u00e4ntan. Vi f\u00e5r verkligen ut mer av v\u00e5ra spenderade pengar. Vi har n\u00e5got att se fram emot som s\u00e4tter en v\u00e5r i v\u00e5rt steg och hopp i v\u00e5ra hj\u00e4rtan n\u00e4r vi markerar dagarna utanf\u00f6r kalendern. Resor blir d\u00e5 en bel\u00f6ning f\u00f6r v\u00e5r ande, l\u00e5ngt innan vi ens har satt oss p\u00e5 ett flyg eller ett t\u00e5g.<\/p>\n<p>En av mina favoritdelar av resor \u00e4r att ut\u00f6ka min smak genom exponering &#8211; inte bara i mat &#8211; utan i konst och kultur; musiken p\u00e5 en plats, dansen, traditionerna. N\u00e4r vi \u00e4r hemma har vi alla v\u00e5r favoritradiostation, restauranger, museer, semesterritualer osv. Och n\u00e4r vi reser till en ny plats uts\u00e4tts vi f\u00f6r ett spektrum av fascinerande nya saker. N\u00e4r vi \u00e5terv\u00e4nder hem b\u00e4r vi med oss \u200b\u200bde nya upplevelserna och f\u00e5r sedan v\u00e4lja och vraka vad som ska stanna hos oss och bli en del av v\u00e5r nyutvecklade, ut\u00f6kade smak. W.B Yeats s\u00e4ger, &#8221;V\u00e4rlden \u00e4r full av magiska saker som t\u00e5lmodigt v\u00e4ntar p\u00e5 att v\u00e5ra sinnen ska bli skarpare.&#8221;<\/p>\n<p>N\u00e4r jag kommer tillbaka hem till New York efter en resa till en annan del av v\u00e4rlden \u00e4r det en f\u00f6rvandling som har skett. Det jag uppt\u00e4cker om mig sj\u00e4lv n\u00e4r jag vaknar till soluppg\u00e5ngar p\u00e5 en fr\u00e4mmande plats och andas ny luft, sover i nya s\u00e4ngar och dr\u00f6mmer om nya dr\u00f6mmar, f\u00f6r\u00e4ndrar mig. N\u00e4r jag reser \u00e4r mina \u00f6gon mer \u00f6ppna f\u00f6r att ha sett ett nytt land, mina k\u00e4rleks- och medk\u00e4nslasmuskler har f\u00f6rdubblats i storlek f\u00f6r att ha blivit utsatta f\u00f6r m\u00e4nniskor fr\u00e5n en annan nation, mina sinnen sk\u00e4rps f\u00f6r det jag har luktat, smakat, sett, h\u00f6rt och ber\u00f6rt.<\/p>\n<p>Hur h\u00e4rligt det \u00e4n \u00e4r att hoppa p\u00e5 ett flygplan och f\u00e5 en ny st\u00e4mpel f\u00f6r v\u00e5rt pass, det finns en brutalitet av resor som tvingar oss att lita p\u00e5 fr\u00e4mlingar, l\u00e4mna v\u00e5ra v\u00e4nners och familjs f\u00f6rtrogenhet, st\u00e5 ansikte mot ansikte med det ok\u00e4nda, ge upp att inte veta v\u00e4gen, spr\u00e5ket, resultatet&#8230; Ibland g\u00e5r vi bort och kommer tillbaka och beh\u00f6ver en semester fr\u00e5n v\u00e5r semester. Vi m\u00e5ste kalibrera om, st\u00e4lla om v\u00e5ra interna klockor, \u00e5teransluta med mat- och s\u00f6mnm\u00f6nster. Vi kastar oss ur balans med flit f\u00f6r att komma tillbaka med ett starkare centrum, en ny uppskattning av rutin.<\/p>\n<p>Jag tror att den verkliga f\u00f6r\u00e4ndringen som resor ger &#8211; den verkliga f\u00f6rvandlingen &#8211; \u00e4r att uppt\u00e4cka vad som har funnits inom oss alla l\u00e4nge. Jag g\u00e5r bort och kommer alltid tillbaka med en tydligare k\u00e4nsla av syfte och en st\u00f6rre k\u00e4nsla av vem jag \u00e4r och vem jag vill vara. Det \u00e4r som att jag har hamnat i ett f\u00f6rsummat tillst\u00e5nd av medvetenhet. Jag blir mer medveten och mer n\u00e4rvarande, mer mottaglig f\u00f6r omv\u00e4rlden.<\/p>\n<p>Min v\u00e4n <a href=\"http:\/\/www.soapboxinc.com\/speakers\/amy-richards\/\" target=\"_blank\" rel=\"noopener\"><strong>Amy Richards<\/strong><\/a> , som \u00e4r som en dotter till Gloria Steinem, intervjuades nyligen. Hon sa, &#8221;Gloria har denna vackra passage i sin bok <a href=\"https:\/\/www.amazon.com\/My-Life-Road-Gloria-Steinem\/dp\/0345408160\" target=\"_blank\" rel=\"noopener\"><strong>My Life On The Road<\/strong><\/a>  d\u00e4r hon stannar och l\u00e4gger handen p\u00e5 en sten i Central Park och f\u00f6rs\u00f6ker minnas alla m\u00e4nniskor som ocks\u00e5 lagt h\u00e4nderna p\u00e5 den stenen eller varifr\u00e5n stenen kom. Jag t\u00e4nker p\u00e5 det n\u00e4r jag bes\u00f6ker en plats.&#8221; N\u00e4r jag l\u00e4ste dessa ord ins\u00e5g jag att vi kanske inte alla har resurserna &#8211; pengarna eller kalenderutrymmet &#8211; f\u00f6r att boka en resa. Men det finns billiga och enkla s\u00e4tt att resa. Vi kan \u00e5ka in p\u00e5 v\u00e5ra egna bakg\u00e5rdar, till stranden, en skog eller v\u00e5r egen lokala park och leta upp stenen, kvisten, sn\u00e4ckan eller vad som helst och l\u00e5t f\u00f6rem\u00e5lets f\u00f6rest\u00e4llda historia ta oss p\u00e5 en resa. Vi kan v\u00e4lkomna \u00e4ven den minsta f\u00f6rvandling av sj\u00e4lv som kommer fr\u00e5n de mindre \u00e4ventyren om vi l\u00e5ter v\u00e5ra hj\u00e4rtan och sinnen vara \u00f6ppna.<\/p>\n<p>M\u00e5nga av mina v\u00e4nner i New York City \u00e4r fr\u00e5n <a href=\"http:\/\/bhakticenter.org\/\" target=\"_blank\" rel=\"noopener\"><strong>Hare Krishnas andaktsgemenskap<\/strong><\/a> . Den h\u00e4r tiden p\u00e5 \u00e5ret \u00e4r mogen med andliga pilgrimsf\u00e4rder, tempelbes\u00f6k, yogaretreater, omfattande studier och resor i hela Indien. Jag brukar ta en vinterresa till Indien, men i \u00e5r best\u00e4mde jag mig och min dam-g\u00e4ng av reskamrater f\u00f6r att ta en paus fr\u00e5n Indien, snurra jorden runt och hitta nya \u00e4ventyr med v\u00e5ra v\u00e4nner och familj. Jag vet att n\u00e4r jag reser till Tyskland och Amsterdam i maj med en av mina barndomsv\u00e4nner, kommer jag att bli v\u00e4ldigt glad \u00f6ver detta beslut, men just nu \u00e4r mitt hj\u00e4rta i Indien.<\/p>\n<p>Minst en g\u00e5ng om dagen i Indien \u00e4ter du en sk\u00e5l med daal eller linser. Linser \u00e4r en popul\u00e4r proteink\u00e4lla f\u00f6r m\u00e5nga indiska vegetariska dieter. Br\u00f6d \u00e4r gjort av linser, de kokas till en khichdi-gr\u00f6t eller kokas med kryddor till en tunn buljongsoppa. I \u00e5ratal har jag gjort linser n\u00e5gonstans i mitten &#8211; typ en rej\u00e4lare tjock gryta. Dels gr\u00f6t, dels soppa. Njut av!<\/p>\n<p><img loading=\"lazy\" decoding=\"async\" class=\"alignnone size-full wp-image-2683\" src=\"http:\/\/www.myvacaya.com\/wp-content\/uploads\/2018\/02\/soup.jpg\" alt=\"\" width=\"640\" height=\"480\" srcset=\"https:\/\/www.myvacaya.com\/wp-content\/uploads\/2018\/02\/soup.jpg 640w, https:\/\/www.myvacaya.com\/wp-content\/uploads\/2018\/02\/soup-300x225.jpg 300w\" sizes=\"(max-width: 640px) 100vw, 640px\" \/><\/p>\n<p><strong>R\u00f6d linskokosgryta<\/strong><\/p>\n<ul>\n<li>2 msk kokosolja (eller vilken olja du f\u00f6redrar)<\/li>\n<li>1 kopp hackad l\u00f6k<\/li>\n<li>1 msk currypulver<\/li>\n<li>1 msk garam masala<\/li>\n<li>1 msk gurkmeja<\/li>\n<li>2 dl r\u00f6da linser<\/li>\n<li>1 1\/2 tsk salt<\/li>\n<li>1 1\/2 tsk svartpeppar<\/li>\n<li>2 msk riven f\u00e4rsk ingef\u00e4ra<\/li>\n<li>6 dl gr\u00f6nsaksbuljong<\/li>\n<li>1 burk kokosmj\u00f6lk<\/li>\n<li>1 dl hackade tomater<\/li>\n<li>krossade r\u00f6dpepparflingor efter smak<\/li>\n<li>koriander och limeklyftor till garnering<\/li>\n<\/ul>\n<p>Hetta upp olja i en stor soppgryta p\u00e5 medelv\u00e4rme. Koka l\u00f6ken, r\u00f6r ofta, tills den mjuknat och gyllenbrun, 8\u201310 minuter. Tills\u00e4tt alla torra kryddor och f\u00e4rsk ingef\u00e4ra och koka under omr\u00f6rning tills det doftar, cirka 2 minuter. Tills\u00e4tt linser och koka, r\u00f6r om, 1 minut. Tills\u00e4tt buljongen i grytan, r\u00f6r om. L\u00e5t blandningen koka upp; s\u00e4nk v\u00e4rmen och l\u00e5t sjuda f\u00f6rsiktigt, r\u00f6r om d\u00e5 och d\u00e5, tills linserna \u00e4r mjuka men inte mosiga, 20\u201325 minuter. Tills\u00e4tt tomaterna och kokosmj\u00f6lken l\u00e5t sjuda i 5 minuter till. Krydda soppan med mer salt och peppar och de kn\u00e4ckta r\u00f6dpepparflingorna om det beh\u00f6vs. Garnera med koriander och lime.<\/p>\n<p><img loading=\"lazy\" decoding=\"async\" class=\"wp-image-28711 alignleft size-full\" src=\"https:\/\/www.myvacaya.com\/wp-content\/uploads\/2018\/02\/lisa-adams-201x300-1.jpg\" alt=\"\" width=\"150\" height=\"150\"><strong>Om Lisa Adams<\/strong><br \/>Lisa \u00e4r en rak allierad, men hon skulle ber\u00e4tta att hon verkligen \u00e4r en homosexuell man som \u00e4r inst\u00e4ngd i de s\u00f6taste av feminina paket. Som musikteatersk\u00e5despelerska och kock till stj\u00e4rnorna har hon varit omgiven av homosexuella n\u00e4stan hela sitt liv. Hennes tro p\u00e5 resandets transformativa kraft och matens godhet har tillsammans gett henne en unik (och smaskig) r\u00f6st i bloggv\u00e4rlden.<\/p>\n<p>Bes\u00f6k <a href=\"http:\/\/www.allgoodthings.nyc\" target=\"_blank\" rel=\"noopener\">http:\/\/www.allgoodthings.nyc<\/a> f\u00f6r att prenumerera p\u00e5 Lisas blogg och komma ikapp med alla hennes funderingar och recept.<\/p>\n<p>[\/et_pb_text][\/et_pb_column][\/et_pb_row][\/et_pb_section][et_pb_section fb_built=&#8221;1&#8243; admin_label=&#8221;Blog Trip Tiles&#8221; _builder_version=&#8221;4.17.6&#8243; _module_preset=&#8221;default&#8221; custom_padding=&#8221;0%||||false|false&#8221; global_colors_info=&#8221;{}&#8221;][et_pb_row _builder_version=&#8221;4.17.6&#8243; _module_preset=&#8221;default&#8221; global_colors_info=&#8221;{}&#8221;][et_pb_column type=&#8221;4_4&#8243; _builder_version=&#8221;4.17.6&#8243; _module_preset=&#8221;default&#8221; global_colors_info=&#8221;{}&#8221;][et_pb_divider color=&#8221;#000000&#8243; divider_position=&#8221;center&#8221; _builder_version=&#8221;4.17.6&#8243; _module_preset=&#8221;default&#8221; global_colors_info=&#8221;{}&#8221;][\/et_pb_divider][\/et_pb_column][\/et_pb_row][et_pb_row _builder_version=&#8221;4.17.6&#8243; _module_preset=&#8221;default&#8221; global_colors_info=&#8221;{}&#8221;][et_pb_column type=&#8221;4_4&#8243; _builder_version=&#8221;4.17.6&#8243; _module_preset=&#8221;default&#8221; global_colors_info=&#8221;{}&#8221;][et_pb_text admin_label=&#8221;Section Title &#8211; H3&#8243; _builder_version=&#8221;4.17.6&#8243; _module_preset=&#8221;default&#8221; header_3_font=&#8221;Futura Bold|||on|||||&#8221; header_3_text_align=&#8221;center&#8221; header_3_text_color=&#8221;#000000&#8243; header_3_font_size=&#8221;18px&#8221; header_3_letter_spacing=&#8221;1.8px&#8221; header_3_line_height=&#8221;24px&#8221; custom_margin=&#8221;||||false|false&#8221; custom_margin_tablet=&#8221;||||false|false&#8221; custom_margin_phone=&#8221;||||false|false&#8221; custom_margin_last_edited=&#8221;on|phone&#8221; custom_padding=&#8221;||||false|false&#8221; global_colors_info=&#8221;{}&#8221;]<\/p>\n<h3>OM DU INTE HAR BOKAT DE HETASTE HBT+-SESTERNA P\u00c5 PLANETEN,<br \/>\nVAD V\u00c4NTAR DU P\u00c5? KONTROLLERA DEM NEDAN!<\/h3>\n<p>[\/et_pb_text][\/et_pb_column][\/et_pb_row][et_pb_row _builder_version=&#8221;4.17.6&#8243; _module_preset=&#8221;default&#8221; global_colors_info=&#8221;{}&#8221;][et_pb_column type=&#8221;4_4&#8243; _builder_version=&#8221;4.17.6&#8243; _module_preset=&#8221;default&#8221; global_colors_info=&#8221;{}&#8221;][et_pb_text _builder_version=&#8221;4.17.6&#8243; _module_preset=&#8221;default&#8221; global_colors_info=&#8221;{}&#8221;]<div id=\"ajax-load-more\" class=\"ajax-load-more-wrap default\" data-id=\"experience-items\" data-alm-id=\"\" data-canonical-url=\"https:\/\/www.myvacaya.com\/sv\/inte-alla-som-vandrar\/\" data-slug=\"inte-alla-som-vandrar\" data-post-id=\"62939\"  data-localized=\"ajax_load_more_experience_items_vars\" data-alm-object=\"ajax_load_more_experience_items\"><ul aria-live=\"polite\" aria-atomic=\"true\" class=\"alm-listing alm-ajax\" data-container-type=\"ul\" data-loading-style=\"default\" data-repeater=\"template_1\" data-post-type=\"trip\" data-meta-key=\"show_trip_tile\" data-meta-value=\"1\" data-custom-args=\"post_parent: 0\" data-order=\"ASC\" data-orderby=\"date\" data-offset=\"0\" data-posts-per-page=\"20\" data-lang=\"sv\" data-scroll=\"false\" data-button-label=\"Load More\" data-prev-button-label=\"Load Previous\" data-destroy-after=\"1\"><\/ul><div class=\"alm-btn-wrap\" data-rel=\"ajax-load-more\"><button class=\"alm-load-more-btn\" type=\"button\">Load More<\/button><\/div><\/div>[\/et_pb_text][\/et_pb_column][\/et_pb_row][\/et_pb_section][et_pb_section fb_built=&#8221;1&#8243; admin_label=&#8221;Blog Comments&#8221; _builder_version=&#8221;4.17.6&#8243; _module_preset=&#8221;default&#8221; global_colors_info=&#8221;{}&#8221;][et_pb_row _builder_version=&#8221;4.17.6&#8243; _module_preset=&#8221;default&#8221; global_colors_info=&#8221;{}&#8221;][et_pb_column type=&#8221;4_4&#8243; _builder_version=&#8221;4.17.6&#8243; _module_preset=&#8221;default&#8221; global_colors_info=&#8221;{}&#8221;][et_pb_comments show_avatar=&#8221;off&#8221; show_count=&#8221;off&#8221; _builder_version=&#8221;4.17.6&#8243; _module_preset=&#8221;default&#8221; custom_button=&#8221;on&#8221; button_text_size=&#8221;18px&#8221; button_text_color=&#8221;#FFFFFF&#8221; button_bg_color=&#8221;#fa0375&#8243; button_border_width=&#8221;0px&#8221; button_border_color=&#8221;RGBA(255,255,255,0)&#8221; button_border_radius=&#8221;0px&#8221; button_font=&#8221;Futura Bold|||on|||||&#8221; button_use_icon=&#8221;off&#8221; button_bg_color_tablet=&#8221;#fa0375&#8243; button_bg_color_phone=&#8221;#fa0375&#8243; button_bg_color_last_edited=&#8221;on|desktop&#8221; global_colors_info=&#8221;{}&#8221; button_bg_color__hover_enabled=&#8221;on|hover&#8221; button_bg_color__hover=&#8221;#141414&#8243; button_bg_enable_color__hover=&#8221;on&#8221;][\/et_pb_comments][\/et_pb_column][\/et_pb_row][\/et_pb_section]<\/p>\n","protected":false},"excerpt":{"rendered":"<p>Den raka allierade och kock-till-stj\u00e4rnorna Lisa Adams delar med sig av sin alltid intressanta syn p\u00e5 v\u00e5r v\u00e4rld, inklusive ett fantastiskt recept!<\/p>\n","protected":false},"author":8,"featured_media":46763,"comment_status":"open","ping_status":"open","sticky":false,"template":"","format":"standard","meta":{"_acf_changed":false,"_et_pb_use_builder":"on","_et_pb_old_content":"","_et_gb_content_width":"","_monsterinsights_skip_tracking":false,"_monsterinsights_sitenote_active":false,"_monsterinsights_sitenote_note":"","_monsterinsights_sitenote_category":0,"footnotes":""},"categories":[244],"tags":[],"class_list":["post-62939","post","type-post","status-publish","format-standard","has-post-thumbnail","hentry","category-okategoriserad"],"acf":[],"_links":{"self":[{"href":"https:\/\/www.myvacaya.com\/sv\/wp-json\/wp\/v2\/posts\/62939","targetHints":{"allow":["GET"]}}],"collection":[{"href":"https:\/\/www.myvacaya.com\/sv\/wp-json\/wp\/v2\/posts"}],"about":[{"href":"https:\/\/www.myvacaya.com\/sv\/wp-json\/wp\/v2\/types\/post"}],"author":[{"embeddable":true,"href":"https:\/\/www.myvacaya.com\/sv\/wp-json\/wp\/v2\/users\/8"}],"replies":[{"embeddable":true,"href":"https:\/\/www.myvacaya.com\/sv\/wp-json\/wp\/v2\/comments?post=62939"}],"version-history":[{"count":1,"href":"https:\/\/www.myvacaya.com\/sv\/wp-json\/wp\/v2\/posts\/62939\/revisions"}],"predecessor-version":[{"id":62957,"href":"https:\/\/www.myvacaya.com\/sv\/wp-json\/wp\/v2\/posts\/62939\/revisions\/62957"}],"wp:featuredmedia":[{"embeddable":true,"href":"https:\/\/www.myvacaya.com\/sv\/wp-json\/wp\/v2\/media\/46763"}],"wp:attachment":[{"href":"https:\/\/www.myvacaya.com\/sv\/wp-json\/wp\/v2\/media?parent=62939"}],"wp:term":[{"taxonomy":"category","embeddable":true,"href":"https:\/\/www.myvacaya.com\/sv\/wp-json\/wp\/v2\/categories?post=62939"},{"taxonomy":"post_tag","embeddable":true,"href":"https:\/\/www.myvacaya.com\/sv\/wp-json\/wp\/v2\/tags?post=62939"}],"curies":[{"name":"wp","href":"https:\/\/api.w.org\/{rel}","templated":true}]}}