{"id":119377,"date":"2020-12-16T09:48:44","date_gmt":"2020-12-16T14:48:44","guid":{"rendered":"https:\/\/www.myvacaya.com\/vacaya-2020\/"},"modified":"2023-08-04T10:55:43","modified_gmt":"2023-08-04T14:55:43","slug":"vacaya-2020","status":"publish","type":"post","link":"https:\/\/www.myvacaya.com\/pt-pt\/vacaya-2020\/","title":{"rendered":"VACAYA 2020"},"content":{"rendered":"<p>[et_pb_section fb_built=&#8221;1&#8243; fullwidth=&#8221;on&#8221; admin_label=&#8221;Slider&#8221; module_id=&#8221;interior da se\u00e7\u00e3o deslizante&#8221; _builder_version=&#8221;4.17.6&#8243; _module_preset=&#8221;default&#8221; background_enable_image=&#8221;off&#8221; global_colors_info=&#8221;{}&#8221;][et_pb_fullwidth_code admin_label=&#8221;Slider Overlay&#8221; module_class=&#8221;interior-page-overlay&#8221; _builder_version=&#8221;4.17.6&#8243; _module_preset=&#8221;default&#8221; positioning=&#8221;absolute&#8221; position_origin_a=&#8221;top_right&#8221; position_origin_f=&#8221;top_right&#8221; z_index=&#8221;100&#8243; width=&#8221;50%&#8221; width_tablet=&#8221;50%&#8221; width_phone=&#8221;100%&#8221; width_last_edited=&#8221;on|phone&#8221; height=&#8221;100vh&#8221; hover_enabled=&#8221;0&#8243; global_colors_info=&#8221;{}&#8221; sticky_enabled=&#8221;0&#8243;]<div class=\"trip-overlay\"><div class=\"trip-title\"><h1>VACAYA 2020<\/h1><\/div><\/div>[\/et_pb_fullwidth_code][et_pb_fullwidth_slider show_arrows=&#8221;off&#8221; admin_label=&#8221;Slider Images&#8221; module_id=&#8221;slider-images&#8221; _builder_version=&#8221;4.17.6&#8243; _module_preset=&#8221;default&#8221; height=&#8221;100vh&#8221; auto=&#8221;on&#8221; global_colors_info=&#8221;{}&#8221;][et_pb_slide _builder_version=&#8221;4.17.6&#8243; _module_preset=&#8221;default&#8221; background_color=&#8221;RGBA(255,255,255,0)&#8221; background_enable_color=&#8221;on&#8221; background_image=&#8221;https:\/\/www.myvacaya.com\/wp-content\/uploads\/2020\/12\/Vaccine-Hero-1.jpeg&#8221; background_enable_image=&#8221;on&#8221; background_last_edited=&#8221;on|desktop&#8221; background_image_phone=&#8221;https:\/\/www.myvacaya.com\/wp-content\/uploads\/2022\/10\/Vaccine-Mobile.jpeg&#8221; background_enable_image_phone=&#8221;on&#8221; global_colors_info=&#8221;{}&#8221; sticky_transition=&#8221;on&#8221;][\/et_pb_slide][\/et_pb_fullwidth_slider][\/et_pb_section][et_pb_section fb_built=&#8221;1&#8243; custom_padding_last_edited=&#8221;on|phone&#8221; _builder_version=&#8221;4.17.6&#8243; _module_preset=&#8221;default&#8221; custom_padding=&#8221;||0%||false|false&#8221; custom_padding_tablet=&#8221;||||false|false&#8221; custom_padding_phone=&#8221;||||false|false&#8221; global_colors_info=&#8221;{}&#8221;][et_pb_row _builder_version=&#8221;4.17.6&#8243; _module_preset=&#8221;default&#8221; custom_padding=&#8221;||0%||false|false&#8221; global_colors_info=&#8221;{}&#8221;][et_pb_column type=&#8221;4_4&#8243; _builder_version=&#8221;4.17.6&#8243; _module_preset=&#8221;default&#8221; global_colors_info=&#8221;{}&#8221;][et_pb_text admin_label=&#8221;Section Title &#8211; H2&#8243; _builder_version=&#8221;4.17.6&#8243; _module_preset=&#8221;default&#8221; text_letter_spacing=&#8221;1.8px&#8221; text_line_height=&#8221;22px&#8221; header_2_font=&#8221;Futura Bold|||on|||||&#8221; header_2_text_align=&#8221;center&#8221; header_2_text_color=&#8221;#000000&#8243; header_2_font_size=&#8221;30px&#8221; header_2_letter_spacing=&#8221;1.8px&#8221; header_2_line_height=&#8221;36px&#8221; header_3_font=&#8221;Futura Bold|||on|||||&#8221; header_3_text_align=&#8221;center&#8221; header_3_text_color=&#8221;#000000&#8243; header_3_font_size=&#8221;18px&#8221; header_3_letter_spacing=&#8221;1.8px&#8221; header_3_line_height=&#8221;24px&#8221; custom_margin=&#8221;||||false|false&#8221; custom_padding=&#8221;||||false|false&#8221; global_colors_info=&#8221;{}&#8221;]<\/p>\n<h2>VACAYA 2020: UM OLHAR PARA TR\u00c1S E \u00c0 FRENTE<br \/>POR RANDLE ROPER<\/h2>\n<p>[\/et_pb_text][et_pb_text _builder_version=&#8221;4.17.6&#8243; _module_preset=&#8221;default&#8221; custom_margin=&#8221;||||false|false&#8221; custom_margin_tablet=&#8221;||||false|false&#8221; custom_margin_phone=&#8221;||||false|false&#8221; custom_margin_last_edited=&#8221;on|phone&#8221; global_colors_info=&#8221;{}&#8221;]<\/p>\n<p>No in\u00edcio da pandemia, percebemos como uma batalha prolongada contra a Covid-19 poderia ser devastadora para a ind\u00fastria de viagens. Com viagens provavelmente canceladas ou adiadas, VACAYA foi desafiado de in\u00fameras maneiras, com nossa pr\u00f3pria sobreviv\u00eancia em risco. N\u00e3o pod\u00edamos nos dar ao luxo de ficar sentados \u00e0 margem esperando que outros determinassem nosso destino. Ent\u00e3o entramos no jogo.<\/p>\n<p>Primeiro, nosso foco estava naqueles entre n\u00f3s que foram atingidos mais r\u00e1pido e mais duramente \u2013 nossos artistas. Quando os teatros e locais de apresenta\u00e7\u00e3o come\u00e7aram a fechar, reconhecemos que nossos artistas logo estariam desempregados. A partir disso, nasceu nossa s\u00e9rie <a href=\"https:\/\/www.myvacaya.com\/pt-pt\/mao-amiga-de-vacayapara-artistas-na-esteira-do-covid-19\/\" target=\"_blank\" rel=\"noopener\">Saturday Night Spotlight<\/a> . Durou mais tempo do que qualquer um de n\u00f3s esperava (e, como se v\u00ea, n\u00e3o o suficiente para mais de 3 meses), mas arrecadou dezenas de milhares de d\u00f3lares para nossos artistas.<\/p>\n<p>Depois vieram nossos convidados, cujas viagens logo seriam afetadas pelas condi\u00e7\u00f5es cada vez piores. Por meio de in\u00fameras chamadas de zoom face a face e muitas discuss\u00f5es dif\u00edceis, encontramos o caminho certo para quase todos e para os neg\u00f3cios. Em outubro, fomos a primeira empresa de viagens LGBT+ a sediar com sucesso um evento orientado por protocolo de seguran\u00e7a, nossa viagem ao VACAYA Oasis Resort no M\u00e9xico.<\/p>\n<p>Al\u00e9m disso, tr\u00eas Vacayans se colocaram na linha de frente \u2013 figurativa <em>e<\/em> literalmente \u2013 ao participar do Pfizer Vaccine Trial.<\/p>\n<p>Sem d\u00favida, voc\u00ea j\u00e1 ouviu a not\u00edcia de que a FDA aprovou a nova vacina da Pfizer para uso emergencial nos Estados Unidos (seguindo as mesmas aprova\u00e7\u00f5es no Reino Unido, Canad\u00e1, Bahrein e M\u00e9xico). A vacina da Pfizer e a vacina prestes a ser aprovada da Moderna s\u00e3o o que acabar\u00e1 por nos tirar da escurid\u00e3o do ano passado. A luz no fim do t\u00fanel continuar\u00e1 a ficar cada vez mais brilhante nos pr\u00f3ximos meses, at\u00e9 que finalmente cheguemos ao claro final da primavera.<\/p>\n<p>Reconhecemos que essas vacinas foram politizadas de in\u00fameras maneiras. Para alguns, essa politiza\u00e7\u00e3o gerou d\u00favidas sobre a vacina. Os Vacayans n\u00e3o ficaram \u00e0 margem no in\u00edcio da pandemia e tamb\u00e9m n\u00e3o podemos fazer isso agora. Ent\u00e3o, hoje, compartilhamos nossos relatos de testes de vacinas em primeira m\u00e3o com voc\u00ea, na esperan\u00e7a de que &#8220;conhecer algu\u00e9m&#8221; que passou pelo desafio possa ajud\u00e1-lo em sua decis\u00e3o&#8230;<\/p>\n<p>[\/et_pb_text][\/et_pb_column][\/et_pb_row][et_pb_row column_structure=&#8221;1_4,3_4&#8243; _builder_version=&#8221;4.17.6&#8243; _module_preset=&#8221;default&#8221; global_colors_info=&#8221;{}&#8221;][et_pb_column type=&#8221;1_4&#8243; _builder_version=&#8221;4.17.6&#8243; _module_preset=&#8221;default&#8221; global_colors_info=&#8221;{}&#8221;][et_pb_text _builder_version=&#8221;4.17.6&#8243; _module_preset=&#8221;default&#8221; global_colors_info=&#8221;{}&#8221;]<img loading=\"lazy\" decoding=\"async\" class=\"alignnone wp-image-20976 size-full\" src=\"https:\/\/www.myvacaya.com\/wp-content\/uploads\/2020\/12\/Tracy-Pic-for-Vaccine-Blog.jpg\" alt=\"\" width=\"958\" height=\"959\" srcset=\"https:\/\/www.myvacaya.com\/wp-content\/uploads\/2020\/12\/Tracy-Pic-for-Vaccine-Blog.jpg 958w, https:\/\/www.myvacaya.com\/wp-content\/uploads\/2020\/12\/Tracy-Pic-for-Vaccine-Blog-150x150.jpg 150w, https:\/\/www.myvacaya.com\/wp-content\/uploads\/2020\/12\/Tracy-Pic-for-Vaccine-Blog-300x300.jpg 300w, https:\/\/www.myvacaya.com\/wp-content\/uploads\/2020\/12\/Tracy-Pic-for-Vaccine-Blog-768x769.jpg 768w, https:\/\/www.myvacaya.com\/wp-content\/uploads\/2020\/12\/Tracy-Pic-for-Vaccine-Blog-40x40.jpg 40w, https:\/\/www.myvacaya.com\/wp-content\/uploads\/2020\/12\/Tracy-Pic-for-Vaccine-Blog-60x60.jpg 60w\" sizes=\"(max-width: 958px) 100vw, 958px\" \/><br \/>\n<strong>Tracy Terrill<\/strong><br \/>\nCofundador da VACAYA[\/et_pb_text][\/et_pb_column][et_pb_column type=&#8221;3_4&#8243; _builder_version=&#8221;4.17.6&#8243; _module_preset=&#8221;default&#8221; global_colors_info=&#8221;{}&#8221;][et_pb_text _builder_version=&#8221;4.17.6&#8243; _module_preset=&#8221;default&#8221; global_colors_info=&#8221;{}&#8221;]<em>\u201cComo a maioria das pessoas, me senti impotente em rela\u00e7\u00e3o \u00e0 Covid. Como uma pessoa altamente soci\u00e1vel que adora viajar, a ideia de que uma pandemia global poderia parar o mundo por v\u00e1rios anos era aterrorizante. Para acalmar meus medos, decidi que precisava saber mais sobre a Covid. Eu passava horas por dia vasculhando a internet para encontrar not\u00edcias e pesquisas em desenvolvimento sobre transmiss\u00e3o, tratamentos e, finalmente, vacinas. Aprender sobre as tecnologias de mRNA (nas quais a Pfizer e a Moderna se baseiam) apresentou uma oportunidade incr\u00edvel para a medicina \u2013 al\u00e9m desta vacina. No momento em que os ensaios cl\u00ednicos estavam dispon\u00edveis, era algo sobre o qual eu tinha alguma apreens\u00e3o, mas me senti compelido a ser volunt\u00e1rio.  <\/em><\/p>\n<p><em>\u201cA tecnologia de mRNA abre um futuro totalmente novo e excitante para a medicina. Terapias personalizadas de mRNA baseadas em nosso DNA individual para combater algumas das piores doen\u00e7as est\u00e3o no horizonte. E quando a pr\u00f3xima pandemia acontecer (espero que daqui a muito tempo), teremos uma maneira comprovada de criar e produzir vacinas em massa. Esta n\u00e3o \u00e9 a velha vacina contra a gripe incubada em ovo do passado.  <\/em><\/p>\n<p><em>\u201cMinha primeira inje\u00e7\u00e3o foi como se algu\u00e9m tivesse me dado um soco no bra\u00e7o. Isso durou alguns dias. Ap\u00f3s a segunda inje\u00e7\u00e3o, acordei naquela noite com febre baixa e dores no corpo. Eu estava animado. Tendo 50% de chance de ter recebido o placebo, fiquei feliz em saber que meu corpo provavelmente estava respondendo \u00e0 vacina e criando anticorpos. Algumas semanas depois, ao ir a uma consulta m\u00e9dica de rotina onde eles me testaram para infec\u00e7\u00e3o ativa e anticorpos, eu descobriria que eu era positivo para anticorpos Covid, o que n\u00e3o era antes do teste.  <\/em><\/p>\n<p>Tracy oferece este conselho s\u00e1bio,  <em>\u201cPor favor, olhe al\u00e9m das manchetes. Tenho me incomodado ao ver quantos artigos s\u00e3o escritos que geram d\u00favidas e preocupa\u00e7\u00f5es. Geralmente, quando voc\u00ea l\u00ea mais do que o t\u00edtulo da isca de clique ou faz refer\u00eancia a outras fontes baseadas em fatos, descobrir\u00e1 que est\u00e1 sendo levado a uma montanha-russa que simplesmente n\u00e3o \u00e9 necess\u00e1ria. Vimos isso esta semana com a preocupa\u00e7\u00e3o do Reino Unido em rela\u00e7\u00e3o \u00e0s rea\u00e7\u00f5es al\u00e9rgicas \u00e0 vacina. Se voc\u00ea ler as manchetes, provavelmente ficar\u00e1 preocupado. Voc\u00ea come\u00e7aria a se perguntar sobre suas alergias \u00e0 febre do feno (e coisas do g\u00eanero), relacionadas \u00e0 vacina. Na verdade, o aviso era para os receptores de vacinas, instruindo-os a informar seu provedor se tiveram fortes rea\u00e7\u00f5es al\u00e9rgicas a medicamentos no passado. Isso n\u00e3o \u00e9 diferente do que \u00e9 solicitado no formul\u00e1rio de consentimento da vacina contra a gripe que muitos de n\u00f3s fazemos anualmente. Todos os fornecedores da vacina t\u00eam os medicamentos apropriados para interromper uma rea\u00e7\u00e3o al\u00e9rgica imediatamente \u2013 assim como fizemos com todas as vacinas administradas nas \u00faltimas quatro d\u00e9cadas\u201d.<\/em>[\/et_pb_text][\/et_pb_column][\/et_pb_row][et_pb_row _builder_version=&#8221;4.17.6&#8243; _module_preset=&#8221;default&#8221; global_colors_info=&#8221;{}&#8221;][et_pb_column type=&#8221;4_4&#8243; _builder_version=&#8221;4.17.6&#8243; _module_preset=&#8221;default&#8221; global_colors_info=&#8221;{}&#8221;][et_pb_divider color=&#8221;#000000&#8243; divider_position=&#8221;center&#8221; _builder_version=&#8221;4.17.6&#8243; _module_preset=&#8221;default&#8221; global_colors_info=&#8221;{}&#8221;][\/et_pb_divider][\/et_pb_column][\/et_pb_row][et_pb_row column_structure=&#8221;1_4,3_4&#8243; _builder_version=&#8221;4.17.6&#8243; _module_preset=&#8221;default&#8221; global_colors_info=&#8221;{}&#8221;][et_pb_column type=&#8221;1_4&#8243; _builder_version=&#8221;4.17.6&#8243; _module_preset=&#8221;default&#8221; global_colors_info=&#8221;{}&#8221;][et_pb_text _builder_version=&#8221;4.17.6&#8243; _module_preset=&#8221;default&#8221; global_colors_info=&#8221;{}&#8221;]<strong><img loading=\"lazy\" decoding=\"async\" class=\"alignnone wp-image-21062 size-full\" src=\"https:\/\/www.myvacaya.com\/wp-content\/uploads\/2020\/12\/IMG_9425.jpg\" alt=\"\" width=\"695\" height=\"695\" srcset=\"https:\/\/www.myvacaya.com\/wp-content\/uploads\/2020\/12\/IMG_9425.jpg 695w, https:\/\/www.myvacaya.com\/wp-content\/uploads\/2020\/12\/IMG_9425-150x150.jpg 150w, https:\/\/www.myvacaya.com\/wp-content\/uploads\/2020\/12\/IMG_9425-300x300.jpg 300w, https:\/\/www.myvacaya.com\/wp-content\/uploads\/2020\/12\/IMG_9425-40x40.jpg 40w, https:\/\/www.myvacaya.com\/wp-content\/uploads\/2020\/12\/IMG_9425-60x60.jpg 60w\" sizes=\"(max-width: 695px) 100vw, 695px\" \/><br \/>\nRonnie Jones, Jr.<\/strong><br \/>\nVacayan[\/et_pb_text][\/et_pb_column][et_pb_column type=&#8221;3_4&#8243; _builder_version=&#8221;4.17.6&#8243; _module_preset=&#8221;default&#8221; global_colors_info=&#8221;{}&#8221;][et_pb_text _builder_version=&#8221;4.17.6&#8243; _module_preset=&#8221;default&#8221; global_colors_info=&#8221;{}&#8221;]<em>\u201cAcho extremamente importante, como homem afro-americano, que haja algu\u00e9m vis\u00edvel na comunidade que possa atestar que tomou a vacina. H\u00e1 muito medo por a\u00ed baseado no Experimento Tuskegee de d\u00e9cadas atr\u00e1s. Este estudo infeliz realmente assustou muitos negros a n\u00e3o quererem a vacina &#8230; e tudo pelos motivos errados. Pessoalmente, n\u00e3o comparo os dois. Esta pandemia \u00e9 fundamentalmente diferente e a vacina\u00e7\u00e3o \u00e9 necess\u00e1ria para a seguran\u00e7a de toda a humanidade.<\/em><\/p>\n<p><em>\u201cComo um homem negro que tamb\u00e9m vive com HIV (indetect\u00e1vel), era importante ver os efeitos de como os medicamentos anti-retrovirais reagem com a vacina Covid-19 e ver se h\u00e1 algum paralelo com a forma como os sintomas do Covid-19 podem ser suprimido devido a esses medicamentos espec\u00edficos.  <\/em><\/p>\n<p><em>\u201cTrabalhando nas ind\u00fastrias de viagens (aeromo\u00e7a e Vacayan) e massoterapia, a seguran\u00e7a estava em primeiro lugar quando escolhi participar do Pfizer Trial. Estou constantemente pr\u00f3ximo dos outros, inclusive por meio do toque. Ent\u00e3o, para deixar meus clientes \u00e0 vontade, revelei minha participa\u00e7\u00e3o no Trial e o que a jornada significou para eu poder fazer parte da hist\u00f3ria.\u201d<\/em><\/p>\n<p>Ronnie fala sobre seus medos,  <em>\u201cH\u00e1 sempre o medo do desconhecido. Rapidamente superei isso quando comecei a meditar e ouvir minha voz interior. Minha intui\u00e7\u00e3o estava me dizendo que este \u00e9 o momento certo e o momento certo. Depois que aceitei essa paz interior e a capacidade de me livrar desse medo, tudo come\u00e7ou a se encaixar como deveria ser. Meu melhor conselho \u00e9 aprender a abrir m\u00e3o de coisas que n\u00e3o servem para nada. Isso inclui o medo.\u201d<\/em><\/p>\n<p>Em rela\u00e7\u00e3o a saber que ele tinha anticorpos, Ronnie compartilha,  <em>\u201cPerguntei a meus dois colegas Tracy e Randle se eles apresentavam algum sintoma ap\u00f3s as inje\u00e7\u00f5es. Ambos me informaram de uma leve febre baixa ap\u00f3s a segunda inje\u00e7\u00e3o. Para minha surpresa, n\u00e3o tive febre como eles. Duas semanas ap\u00f3s a segunda inje\u00e7\u00e3o, decidi marcar uma consulta com o Helix Urgent Care para um teste de anticorpos Covid-19. Recebi meus resultados por telefone dois dias depois e fui informado que estava REATIVO com Anticorpos. Fiquei extremamente feliz em saber que havia recebido a vacina real e n\u00e3o o placebo. Um peso enorme foi definitivamente levantado.\u201d<\/em><\/p>\n<p>Considera\u00e7\u00f5es finais de Ronnie:  <em>\u201cA vacina \u00e9 r\u00e1pida: 2 doses, com 3 semanas de intervalo. \u00c9 imperativo que voc\u00ea siga o calend\u00e1rio de vacinas. Assim que voc\u00ea tiver a chance de tomar a vacina, eu aproveitarei essa oportunidade. Em algum momento no futuro pr\u00f3ximo, \u00e9 prov\u00e1vel que as vacinas contra a Covid-19 sejam necess\u00e1rias para viajar para determinados destinos, portanto, \u00e9 melhor estar preparado em vez de ser pego de surpresa. Por fim, lembre-se de que quanto mais cedo todos forem vacinados, mais cedo poderemos voltar ao normal\u201d.<\/em>[\/et_pb_text][\/et_pb_column][\/et_pb_row][et_pb_row _builder_version=&#8221;4.17.6&#8243; _module_preset=&#8221;default&#8221; global_colors_info=&#8221;{}&#8221;][et_pb_column type=&#8221;4_4&#8243; _builder_version=&#8221;4.17.6&#8243; _module_preset=&#8221;default&#8221; global_colors_info=&#8221;{}&#8221;][et_pb_divider color=&#8221;#000000&#8243; divider_position=&#8221;center&#8221; _builder_version=&#8221;4.17.6&#8243; _module_preset=&#8221;default&#8221; global_colors_info=&#8221;{}&#8221;][\/et_pb_divider][\/et_pb_column][\/et_pb_row][et_pb_row column_structure=&#8221;1_4,3_4&#8243; _builder_version=&#8221;4.17.6&#8243; _module_preset=&#8221;default&#8221; global_colors_info=&#8221;{}&#8221;][et_pb_column type=&#8221;1_4&#8243; _builder_version=&#8221;4.17.6&#8243; _module_preset=&#8221;default&#8221; global_colors_info=&#8221;{}&#8221;][et_pb_text _builder_version=&#8221;4.17.6&#8243; _module_preset=&#8221;default&#8221; global_colors_info=&#8221;{}&#8221;]<img loading=\"lazy\" decoding=\"async\" class=\"alignnone wp-image-20977 size-full\" src=\"https:\/\/www.myvacaya.com\/wp-content\/uploads\/2020\/12\/Randle-Vaccine-Photo.jpg\" alt=\"\" width=\"800\" height=\"800\" srcset=\"https:\/\/www.myvacaya.com\/wp-content\/uploads\/2020\/12\/Randle-Vaccine-Photo.jpg 800w, https:\/\/www.myvacaya.com\/wp-content\/uploads\/2020\/12\/Randle-Vaccine-Photo-150x150.jpg 150w, https:\/\/www.myvacaya.com\/wp-content\/uploads\/2020\/12\/Randle-Vaccine-Photo-300x300.jpg 300w, https:\/\/www.myvacaya.com\/wp-content\/uploads\/2020\/12\/Randle-Vaccine-Photo-768x768.jpg 768w, https:\/\/www.myvacaya.com\/wp-content\/uploads\/2020\/12\/Randle-Vaccine-Photo-40x40.jpg 40w, https:\/\/www.myvacaya.com\/wp-content\/uploads\/2020\/12\/Randle-Vaccine-Photo-60x60.jpg 60w\" sizes=\"(max-width: 800px) 100vw, 800px\" \/><br \/>\n<strong>Randle Roper<\/strong><br \/>\nCofundador da VACAYA[\/et_pb_text][\/et_pb_column][et_pb_column type=&#8221;3_4&#8243; _builder_version=&#8221;4.17.6&#8243; _module_preset=&#8221;default&#8221; global_colors_info=&#8221;{}&#8221;][et_pb_text _builder_version=&#8221;4.17.6&#8243; _module_preset=&#8221;default&#8221; global_colors_info=&#8221;{}&#8221;]<em>\u201cEu n\u00e3o conseguia pensar em outra maneira de ajudar de maneira t\u00e3o profunda.  <\/em><i>Est\u00e1vamos vendo a ind\u00fastria de viagens desmoronar ao nosso redor e eu sabia que a \u00fanica sa\u00edda seria desenvolver uma vacina eficaz. Embora minha esfera de influ\u00eancia certamente n\u00e3o seja enorme, eu queria fornecer \u00e0queles que amo e me preocupo um caminho a seguir alinhado com minha pr\u00f3pria experi\u00eancia em vacinas em primeira m\u00e3o e a base de conhecimento que vem com ela. Eu reconheci que confian\u00e7a, conforto e f\u00e9 &#8211; especialmente nesta era louca de desinforma\u00e7\u00e3o &#8211; seriam fatores importantes \u00e0 medida que todos entramos nesta nova fronteira.  <\/i><\/p>\n<p><em>&#8220;Eu tomei minha primeira inje\u00e7\u00e3o em agosto. Eu realmente n\u00e3o tive nenhum efeito colateral. Senti dor no local da inje\u00e7\u00e3o por alguns dias, mas, sendo diab\u00e9tico e constantemente com alfinetes, n\u00e3o era diferente da dor que eu sentia antes \u2013 um pouco pior do que uma vacina contra a gripe, mas n\u00e3o t\u00e3o ruim quanto uma vacina contra o t\u00e9tano . Fora a dor no bra\u00e7o e uma leve febre, tudo estava bem.<\/em><\/p>\n<p><em>\u201cO Pfizer Trial \u00e9 um estudo duplo-cego \u2013 o que significa que nem os participantes nem os administradores sabem quem entre n\u00f3s recebeu a vacina real versus o placebo. Eu estava impaciente e mal podia esperar para saber o que havia conseguido, ent\u00e3o fui ao LabCorp para fazer um teste de anticorpos. Eu tive um teste negativo pouco antes do in\u00edcio do teste, ent\u00e3o sabia se tinha anticorpos agora que recebi a vacina.  <\/em><em>Fiquei feliz ao saber que estava cheio de anticorpos. Foi um al\u00edvio. Foi como descobrir que voc\u00ea tem um superpoder. Claro&#8230; eu ainda usava minha m\u00e1scara e escudo em todos os lugares, mas sabia que estava protegido por dentro. Foi libertador.<\/em><\/p>\n<p><em>&#8220;Nos \u00faltimos anos, participei dos testes de drogas para os medicamentos que mais tarde se tornariam a PrEP. Ent\u00e3o, agora ter participado de dois testes bem-sucedidos que moldaram (ou moldar\u00e3o) nosso mundo \u00e9 muito gratificante.\u201d<\/em>[\/et_pb_text][\/et_pb_column][\/et_pb_row][et_pb_row _builder_version=&#8221;4.17.6&#8243; _module_preset=&#8221;default&#8221; global_colors_info=&#8221;{}&#8221;][et_pb_column type=&#8221;4_4&#8243; _builder_version=&#8221;4.17.6&#8243; _module_preset=&#8221;default&#8221; global_colors_info=&#8221;{}&#8221;][et_pb_divider color=&#8221;#000000&#8243; divider_position=&#8221;center&#8221; _builder_version=&#8221;4.17.6&#8243; _module_preset=&#8221;default&#8221; global_colors_info=&#8221;{}&#8221;][\/et_pb_divider][\/et_pb_column][\/et_pb_row][et_pb_row custom_padding_last_edited=&#8221;on|desktop&#8221; _builder_version=&#8221;4.17.6&#8243; _module_preset=&#8221;default&#8221; custom_padding=&#8221;||0%||false|false&#8221; custom_padding_tablet=&#8221;&#8221; custom_padding_phone=&#8221;||0%||false|false&#8221; global_colors_info=&#8221;{}&#8221;][et_pb_column type=&#8221;4_4&#8243; _builder_version=&#8221;4.17.6&#8243; _module_preset=&#8221;default&#8221; global_colors_info=&#8221;{}&#8221;][et_pb_text _builder_version=&#8221;4.17.6&#8243; _module_preset=&#8221;default&#8221; global_colors_info=&#8221;{}&#8221;]<\/p>\n<p>A decis\u00e3o de vacinar ou n\u00e3o \u00e9 pessoal, \u00e9 claro, e VACAYA est\u00e1 ao seu lado, n\u00e3o importa qual decis\u00e3o voc\u00ea tome. S\u00f3 esperamos que voc\u00ea tenha achado esses relatos em primeira m\u00e3o \u00fateis ao avaliar suas op\u00e7\u00f5es.<\/p>\n<p>Aqui est\u00e3o algumas considera\u00e7\u00f5es adicionais ao tomar sua decis\u00e3o:<\/p>\n<ul>\n<li>O estudo da tecnologia de vacinas de mRNA come\u00e7ou em 1995 (n\u00e3o em 2020, como muitos pensam) com o trabalho de Katalin Karik\u00f3. A Covid-19 simplesmente forneceu o motorista para levar este ve\u00edculo espec\u00edfico para a estrada das op\u00e7\u00f5es. #GoLadies<\/li>\n<li>Nunca antes na hist\u00f3ria da humanidade houve um esfor\u00e7o singular t\u00e3o coordenado por parte dos cientistas para resolver um problema. Isso levou a um ritmo recorde de testes, aprova\u00e7\u00f5es e implementa\u00e7\u00f5es no mundo real \u2013 tudo apoiado por uma ci\u00eancia inovadora.<\/li>\n<li>Os anticorpos come\u00e7am a aparecer aproximadamente 10 dias ap\u00f3s a primeira (de 2) inje\u00e7\u00f5es de vacina.<\/li>\n<li>\u201cO benef\u00edcio de tomar a vacina \u00e9 muito maior do que o risco de pegar Covid-19.\u201d \u2013 Dr. Anthony Fauci<\/li>\n<li>Os testes da vacina continuam at\u00e9 2022, com todos os participantes monitorados regularmente para estudar a efic\u00e1cia e os efeitos a longo prazo.<\/li>\n<\/ul>\n<p>Os links a seguir fornecem um bom resumo do hist\u00f3rico de desenvolvimento da vacina, bem como detalhes sobre seu lan\u00e7amento:<\/p>\n<ul>\n<li><a href=\"https:\/\/www.nytimes.com\/live\/2020\/pfizer-covid-19-vaccine\" target=\"_blank\" rel=\"noopener\">New York Times: 11 coisas que voc\u00ea precisa saber<\/a><\/li>\n<li><a href=\"https:\/\/www.wsj.com\/articles\/how-pfizer-delivered-a-covid-vaccine-in-record-time-crazy-deadlines-a-pushy-ceo-11607740483\" target=\"_blank\" rel=\"noopener\">Wall Street Journal: como a Pfizer distribuiu uma vacina contra a Covid em tempo recorde<\/a><\/li>\n<li><a href=\"https:\/\/www.theverge.com\/2020\/12\/8\/22163146\/covid-vaccine-fda-review-safe-effective-time-pfizer-biontech\" target=\"_blank\" rel=\"noopener\">The Verge: a vacina COVID-19 come\u00e7a a funcionar dentro de duas semanas ap\u00f3s a primeira inje\u00e7\u00e3o<\/a><\/li>\n<li><a href=\"https:\/\/www.cdc.gov\/vaccines\/covid-19\/hcp\/mrna-vaccine-basics.html\" target=\"_blank\" rel=\"noopener\">CDC: Compreendendo e explicando as vacinas de mRNA COVID-19<\/a><\/li>\n<li><a href=\"https:\/\/www.msnbc.com\/on-assignment\/watch\/race-for-the-vaccine-cracking-the-code-96010309723\" target=\"_blank\" rel=\"noopener\">MSNBC: Corrida pela Vacina \u2013 Decifrando o C\u00f3digo (v\u00eddeo)<\/a><\/li>\n<li><a href=\"https:\/\/www.statnews.com\/2020\/11\/10\/the-story-of-mrna-how-a-once-dismissed-idea-became-a-leading-technology-in-the-covid-vaccine-race\/\" target=\"_blank\" rel=\"noopener\">STAT: A hist\u00f3ria do mRNA: como uma ideia descartada se tornou uma tecnologia l\u00edder na corrida da vacina contra a Covid<\/a><\/li>\n<\/ul>\n<p>Obviamente mal podemos esperar para ver todos em uma de nossas viagens. Quer voc\u00ea se junte a n\u00f3s em Ptown, Isl\u00e2ndia, M\u00e9xico, Nova Orleans, Caribe e\/ou Costa Rica, somos incrivelmente gratos por seu apoio durante esses tempos sem precedentes.<\/p>\n<p>Todos n\u00f3s adotamos <strong>#AdaptToLive<\/strong> com sucesso e, por causa disso, em breve come\u00e7aremos a viver novamente. N\u00e3o conseguimos pensar em nada que valha a pena comemorar mais ao encerrarmos 2020. \u2764\ufe0f<\/p>\n<p>[\/et_pb_text][\/et_pb_column][\/et_pb_row][\/et_pb_section][et_pb_section fb_built=&#8221;1&#8243; admin_label=&#8221;Blog Trip Tiles&#8221; _builder_version=&#8221;4.17.6&#8243; _module_preset=&#8221;default&#8221; global_colors_info=&#8221;{}&#8221;][et_pb_row _builder_version=&#8221;4.17.6&#8243; _module_preset=&#8221;default&#8221; global_colors_info=&#8221;{}&#8221;][et_pb_column type=&#8221;4_4&#8243; _builder_version=&#8221;4.17.6&#8243; _module_preset=&#8221;default&#8221; global_colors_info=&#8221;{}&#8221;][et_pb_divider color=&#8221;#000000&#8243; divider_position=&#8221;center&#8221; _builder_version=&#8221;4.17.6&#8243; _module_preset=&#8221;default&#8221; global_colors_info=&#8221;{}&#8221;][\/et_pb_divider][\/et_pb_column][\/et_pb_row][et_pb_row _builder_version=&#8221;4.17.6&#8243; _module_preset=&#8221;default&#8221; global_colors_info=&#8221;{}&#8221;][et_pb_column type=&#8221;4_4&#8243; _builder_version=&#8221;4.17.6&#8243; _module_preset=&#8221;default&#8221; global_colors_info=&#8221;{}&#8221;][et_pb_text admin_label=&#8221;Section Title &#8211; H3&#8243; _builder_version=&#8221;4.17.6&#8243; _module_preset=&#8221;default&#8221; header_3_font=&#8221;Futura Bold|||on|||||&#8221; header_3_text_align=&#8221;center&#8221; header_3_text_color=&#8221;#000000&#8243; header_3_font_size=&#8221;18px&#8221; header_3_letter_spacing=&#8221;1.8px&#8221; header_3_line_height=&#8221;24px&#8221; custom_margin=&#8221;||||false|false&#8221; custom_margin_tablet=&#8221;||||false|false&#8221; custom_margin_phone=&#8221;||||false|false&#8221; custom_margin_last_edited=&#8221;on|phone&#8221; custom_padding=&#8221;||||false|false&#8221; global_colors_info=&#8221;{}&#8221;]<\/p>\n<h3>SE VOC\u00ca AINDA N\u00c3O RESERVOU AS MAIS QUENTES F\u00c9RIAS LGBT+ DO PLANETA,<br \/>\nO QUE VOC\u00ca EST\u00c1 ESPERANDO? CONFIRA ABAIXO!<\/h3>\n<p>[\/et_pb_text][\/et_pb_column][\/et_pb_row][et_pb_row _builder_version=&#8221;4.17.6&#8243; _module_preset=&#8221;default&#8221; global_colors_info=&#8221;{}&#8221;][et_pb_column type=&#8221;4_4&#8243; _builder_version=&#8221;4.17.6&#8243; _module_preset=&#8221;default&#8221; global_colors_info=&#8221;{}&#8221;][et_pb_text _builder_version=&#8221;4.17.6&#8243; _module_preset=&#8221;default&#8221; global_colors_info=&#8221;{}&#8221;]<div id=\"ajax-load-more\" class=\"ajax-load-more-wrap default\" data-id=\"experience-items\" data-alm-id=\"\" data-canonical-url=\"https:\/\/www.myvacaya.com\/pt-pt\/vacaya-2020\/\" data-slug=\"vacaya-2020\" data-post-id=\"119377\"  data-localized=\"ajax_load_more_experience_items_vars\" data-alm-object=\"ajax_load_more_experience_items\"><ul aria-live=\"polite\" aria-atomic=\"true\" class=\"alm-listing alm-ajax\" data-container-type=\"ul\" data-loading-style=\"default\" data-repeater=\"template_1\" data-post-type=\"trip\" data-meta-key=\"show_trip_tile\" data-meta-value=\"1\" data-custom-args=\"post_parent: 0\" data-order=\"ASC\" data-orderby=\"date\" data-offset=\"0\" data-posts-per-page=\"20\" data-lang=\"pt-pt\" data-scroll=\"false\" data-button-label=\"Load More\" data-prev-button-label=\"Load Previous\" data-destroy-after=\"1\"><\/ul><div class=\"alm-btn-wrap\" data-rel=\"ajax-load-more\"><button class=\"alm-load-more-btn\" type=\"button\">Load More<\/button><\/div><\/div>[\/et_pb_text][\/et_pb_column][\/et_pb_row][\/et_pb_section][et_pb_section fb_built=&#8221;1&#8243; admin_label=&#8221;Blog Comments&#8221; _builder_version=&#8221;4.17.6&#8243; _module_preset=&#8221;default&#8221; global_colors_info=&#8221;{}&#8221;][et_pb_row _builder_version=&#8221;4.17.6&#8243; _module_preset=&#8221;default&#8221; global_colors_info=&#8221;{}&#8221;][et_pb_column type=&#8221;4_4&#8243; _builder_version=&#8221;4.17.6&#8243; _module_preset=&#8221;default&#8221; global_colors_info=&#8221;{}&#8221;][et_pb_comments show_avatar=&#8221;off&#8221; show_count=&#8221;off&#8221; _builder_version=&#8221;4.17.6&#8243; _module_preset=&#8221;default&#8221; custom_button=&#8221;on&#8221; button_text_size=&#8221;18px&#8221; button_text_color=&#8221;#FFFFFF&#8221; button_bg_color=&#8221;#fa0375&#8243; button_border_width=&#8221;0px&#8221; button_border_color=&#8221;RGBA(255,255,255,0)&#8221; button_border_radius=&#8221;0px&#8221; button_font=&#8221;Futura Bold|||on|||||&#8221; button_use_icon=&#8221;off&#8221; button_bg_color_tablet=&#8221;#fa0375&#8243; button_bg_color_phone=&#8221;#fa0375&#8243; button_bg_color_last_edited=&#8221;on|desktop&#8221; global_colors_info=&#8221;{}&#8221; button_bg_color__hover_enabled=&#8221;on|hover&#8221; button_bg_color__hover=&#8221;#141414&#8243; button_bg_enable_color__hover=&#8221;on&#8221;][\/et_pb_comments][\/et_pb_column][\/et_pb_row][\/et_pb_section]<\/p>\n","protected":false},"excerpt":{"rendered":"<p>D\u00ea uma olhada em 2020 atrav\u00e9s dos olhos de VACAYA e olhe para frente agora que as vacinas Covid-19 est\u00e3o sendo aprovadas e administradas.  <\/p>\n","protected":false},"author":4,"featured_media":108770,"comment_status":"open","ping_status":"open","sticky":false,"template":"","format":"standard","meta":{"_acf_changed":false,"_et_pb_use_builder":"on","_et_pb_old_content":"","_et_gb_content_width":"","_monsterinsights_skip_tracking":false,"_monsterinsights_sitenote_active":false,"_monsterinsights_sitenote_note":"","_monsterinsights_sitenote_category":0,"footnotes":""},"categories":[358],"tags":[],"class_list":["post-119377","post","type-post","status-publish","format-standard","has-post-thumbnail","hentry","category-sem-categoria"],"acf":[],"_links":{"self":[{"href":"https:\/\/www.myvacaya.com\/pt-pt\/wp-json\/wp\/v2\/posts\/119377","targetHints":{"allow":["GET"]}}],"collection":[{"href":"https:\/\/www.myvacaya.com\/pt-pt\/wp-json\/wp\/v2\/posts"}],"about":[{"href":"https:\/\/www.myvacaya.com\/pt-pt\/wp-json\/wp\/v2\/types\/post"}],"author":[{"embeddable":true,"href":"https:\/\/www.myvacaya.com\/pt-pt\/wp-json\/wp\/v2\/users\/4"}],"replies":[{"embeddable":true,"href":"https:\/\/www.myvacaya.com\/pt-pt\/wp-json\/wp\/v2\/comments?post=119377"}],"version-history":[{"count":1,"href":"https:\/\/www.myvacaya.com\/pt-pt\/wp-json\/wp\/v2\/posts\/119377\/revisions"}],"predecessor-version":[{"id":119400,"href":"https:\/\/www.myvacaya.com\/pt-pt\/wp-json\/wp\/v2\/posts\/119377\/revisions\/119400"}],"wp:featuredmedia":[{"embeddable":true,"href":"https:\/\/www.myvacaya.com\/pt-pt\/wp-json\/wp\/v2\/media\/108770"}],"wp:attachment":[{"href":"https:\/\/www.myvacaya.com\/pt-pt\/wp-json\/wp\/v2\/media?parent=119377"}],"wp:term":[{"taxonomy":"category","embeddable":true,"href":"https:\/\/www.myvacaya.com\/pt-pt\/wp-json\/wp\/v2\/categories?post=119377"},{"taxonomy":"post_tag","embeddable":true,"href":"https:\/\/www.myvacaya.com\/pt-pt\/wp-json\/wp\/v2\/tags?post=119377"}],"curies":[{"name":"wp","href":"https:\/\/api.w.org\/{rel}","templated":true}]}}