{"id":119331,"date":"2021-11-10T18:36:28","date_gmt":"2021-11-10T23:36:28","guid":{"rendered":"https:\/\/www.myvacaya.com\/vacaya-401-o-contrato-social\/"},"modified":"2023-08-04T10:55:40","modified_gmt":"2023-08-04T14:55:40","slug":"vacaya-401-o-contrato-social","status":"publish","type":"post","link":"https:\/\/www.myvacaya.com\/pt-pt\/vacaya-401-o-contrato-social\/","title":{"rendered":"VACAYA 401: O Contrato Social"},"content":{"rendered":"<p>[et_pb_section fb_built=&#8221;1&#8243; fullwidth=&#8221;on&#8221; admin_label=&#8221;Slider&#8221; module_id=&#8221;interior da se\u00e7\u00e3o deslizante&#8221; _builder_version=&#8221;4.17.6&#8243; _module_preset=&#8221;default&#8221; background_enable_image=&#8221;off&#8221; global_colors_info=&#8221;{}&#8221;][et_pb_fullwidth_code admin_label=&#8221;Slider Overlay&#8221; module_class=&#8221;interior-page-overlay&#8221; _builder_version=&#8221;4.17.6&#8243; _module_preset=&#8221;default&#8221; positioning=&#8221;absolute&#8221; position_origin_a=&#8221;top_right&#8221; position_origin_f=&#8221;top_right&#8221; z_index=&#8221;100&#8243; width=&#8221;50%&#8221; width_tablet=&#8221;50%&#8221; width_phone=&#8221;100%&#8221; width_last_edited=&#8221;on|phone&#8221; height=&#8221;100vh&#8221; hover_enabled=&#8221;0&#8243; global_colors_info=&#8221;{}&#8221; sticky_enabled=&#8221;0&#8243;]<div class=\"trip-overlay\"><div class=\"trip-title\"><h1>VACAYA 401: O Contrato Social<\/h1><\/div><\/div>[\/et_pb_fullwidth_code][et_pb_fullwidth_slider show_arrows=&#8221;off&#8221; admin_label=&#8221;Slider Images&#8221; module_id=&#8221;slider-images&#8221; _builder_version=&#8221;4.17.6&#8243; _module_preset=&#8221;default&#8221; height=&#8221;100vh&#8221; auto=&#8221;on&#8221; global_colors_info=&#8221;{}&#8221;][et_pb_slide _builder_version=&#8221;4.17.6&#8243; _module_preset=&#8221;default&#8221; background_color=&#8221;RGBA(255,255,255,0)&#8221; background_enable_color=&#8221;on&#8221; background_image=&#8221;https:\/\/www.myvacaya.com\/wp-content\/uploads\/2021\/11\/Blog-Hero-Desktop-The-Social-Contract-2-1.jpg&#8221; background_enable_image=&#8221;on&#8221; background_last_edited=&#8221;on|desktop&#8221; background_image_phone=&#8221;https:\/\/www.myvacaya.com\/wp-content\/uploads\/2022\/10\/Blog-Hero-Mobile-The-Social-Contract.jpg&#8221; background_enable_image_phone=&#8221;on&#8221; global_colors_info=&#8221;{}&#8221; sticky_transition=&#8221;on&#8221;][\/et_pb_slide][\/et_pb_fullwidth_slider][\/et_pb_section][et_pb_section fb_built=&#8221;1&#8243; custom_padding_last_edited=&#8221;on|tablet&#8221; _builder_version=&#8221;4.17.6&#8243; _module_preset=&#8221;default&#8221; custom_padding=&#8221;||0%||false|false&#8221; custom_padding_tablet=&#8221;||||false|false&#8221; custom_padding_phone=&#8221;||||false|false&#8221; global_colors_info=&#8221;{}&#8221;][et_pb_row _builder_version=&#8221;4.17.6&#8243; _module_preset=&#8221;default&#8221; custom_padding=&#8221;||0%||false|false&#8221; global_colors_info=&#8221;{}&#8221;][et_pb_column type=&#8221;4_4&#8243; _builder_version=&#8221;4.17.6&#8243; _module_preset=&#8221;default&#8221; global_colors_info=&#8221;{}&#8221;][et_pb_text _builder_version=&#8221;4.17.6&#8243; _module_preset=&#8221;default&#8221; custom_margin=&#8221;||||false|false&#8221; custom_margin_tablet=&#8221;||||false|false&#8221; custom_margin_phone=&#8221;||||false|false&#8221; custom_margin_last_edited=&#8221;on|phone&#8221; global_colors_info=&#8221;{}&#8221;]Entendemos que ler os termos e condi\u00e7\u00f5es para compras feitas on-line \u00e9 uma chatice, mas eles s\u00e3o uma necessidade. Afinal, ao assin\u00e1-los, voc\u00ea concorda legalmente com tudo o que eles cont\u00eam. Mas reservar com a VACAYA \u00e9 muito mais do que nossos termos e condi\u00e7\u00f5es. Voc\u00ea comprar f\u00e9rias conosco \u00e9 tanto um Contrato Social quanto um contrato legal \u2013 um acordo entre os membros de nossa comunidade para cooperar para o benef\u00edcio social de todos os envolvidos.<\/p>\n<p>Aqui est\u00e1 o que VACAYA se inscreve:<\/p>\n<ul>\n<li>Mantemos seu quarto selecionado pessoalmente a partir do momento em que voc\u00ea o reserva, quer voc\u00ea pague integralmente ou opte por pagar a prazo, sem juros.<\/li>\n<li>Trabalhamos incansavelmente para monitorar as pol\u00edticas do CDC, da OMS e das linhas de cruzeiro, mas s\u00f3 publicamos protocolos de sa\u00fade e seguran\u00e7a 30 dias antes da partida. Fazemos isso porque voc\u00ea perderia a cabe\u00e7a se fosse inundado com as pol\u00edticas em constante mudan\u00e7a &#8211; pol\u00edticas que podem mudar mesmo ap\u00f3s a marca de 30 dias. Ent\u00e3o n\u00f3s fazemos tudo isso para voc\u00ea.<\/li>\n<li>Temos a obriga\u00e7\u00e3o de operar todos os eventos de fretamento que sejam seguros para os h\u00f3spedes que se adaptam para viver e continuar seus planos de viagem. Seguir os protocolos (como ser vacinado ou usar uma m\u00e1scara) n\u00e3o constitui motivo para n\u00e3o cumprirmos nossa obriga\u00e7\u00e3o contratual com a empresa de cruzeiros\/resort ou com os h\u00f3spedes que reservaram e ainda desejam viajar. Nem isso faz deles ou de n\u00f3s pessoas m\u00e1s. Confiamos na ci\u00eancia e reconhecemos que \u00e9 uma curva de aprendizado em constante evolu\u00e7\u00e3o.<\/li>\n<li>No caso de voc\u00ea optar por cancelar e desejar evitar taxas, faremos de tudo para ajud\u00e1-lo a encontrar uma substitui\u00e7\u00e3o, mas, em \u00faltima an\u00e1lise, \u00e9 sua responsabilidade.<\/li>\n<li>Acima de tudo, faremos o que \u00e9 certo para nossos h\u00f3spedes.<\/li>\n<\/ul>\n<p>Aqui est\u00e1 o seu lado do contrato social:<\/p>\n<ul>\n<li>Entenda que n\u00e3o somos como outras empresas de viagens, onde voc\u00ea tem que chutar e gritar nas redes sociais para que algu\u00e9m o ou\u00e7a e aja. Estamos sempre ouvindo, sempre responderemos e sempre faremos tudo o que pudermos dentro do razo\u00e1vel para refor\u00e7ar que voc\u00ea depositou sua confian\u00e7a na empresa de f\u00e9rias certa. N\u00e3o \u00e9 necess\u00e1rio gritar ou acusar.<\/li>\n<li>Entenda os benef\u00edcios distintos do seguro de viagem \u2013 cancelamento iniciado pelo h\u00f3spede, interrup\u00e7\u00e3o da viagem, cobertura m\u00e9dica e evacua\u00e7\u00e3o m\u00e9dica \u2013 e invista nele.<\/li>\n<li>Se voc\u00ea optar por n\u00e3o comparecer \u00e0s f\u00e9rias reservadas, ainda \u00e9 sua responsabilidade at\u00e9 que um substituto seja encontrado por voc\u00ea, por n\u00f3s ou pelo seu agente de viagens. Mas, em \u00faltima an\u00e1lise, a responsabilidade \u00e9 sua.<\/li>\n<li>Entenda que se voc\u00ea deseja vender seu quarto, leva tempo. Ent\u00e3o \u00e9 preciso paci\u00eancia. E sim, existe at\u00e9 a possibilidade de voc\u00ea precisar oferecer um pre\u00e7o mais baixo do que pagou para torn\u00e1-lo atraente para algu\u00e9m comprar de voc\u00ea.<\/li>\n<li>A maior demanda por cabines acontece no lan\u00e7amento e, como tal, pedimos que voc\u00ea respeite os companheiros de viagem reservando apenas as f\u00e9rias que provavelmente ir\u00e1 tirar.<\/li>\n<li>E vamos repetir isso, porque vale a pena repetir&#8230; mesmo se voc\u00ea optar por n\u00e3o ler nossos termos e condi\u00e7\u00f5es, eles ainda s\u00e3o um acordo juridicamente vinculativo e voc\u00ea \u00e9 respons\u00e1vel por todas as provis\u00f5es.<\/li>\n<\/ul>\n<p>[\/et_pb_text][et_pb_button button_url=&#8221;https:\/\/www.myvacaya.com\/pt-pt\/termos-e-condicoes-do-hospede\/&#8221; button_text=&#8221;REVISAR TERMOS E CONDI\u00c7\u00d5ES&#8221; button_alignment=&#8221;center&#8221; module_class=&#8221;btn-pink&#8221; _builder_version=&#8221;4.17.6&#8243; _module_preset=&#8221;default&#8221; custom_button=&#8221;on&#8221; button_border_width=&#8221;0px&#8221; button_border_color=&#8221;RGBA(255,255,255,0)&#8221; button_use_icon=&#8221;off&#8221; custom_padding=&#8221;12px|70px|12px|70px|false|false&#8221; global_colors_info=&#8221;{}&#8221;][\/et_pb_button][et_pb_text admin_label=&#8221;Section Title &#8211; H3&#8243; _builder_version=&#8221;4.17.6&#8243; _module_preset=&#8221;default&#8221; header_3_font=&#8221;Futura Bold|||on|||||&#8221; header_3_text_align=&#8221;center&#8221; header_3_text_color=&#8221;#000000&#8243; header_3_font_size=&#8221;18px&#8221; header_3_letter_spacing=&#8221;1.8px&#8221; header_3_line_height=&#8221;24px&#8221; custom_margin=&#8221;||||false|false&#8221; custom_margin_tablet=&#8221;||||false|false&#8221; custom_margin_phone=&#8221;||||false|false&#8221; custom_margin_last_edited=&#8221;on|phone&#8221; custom_padding=&#8221;||||false|false&#8221; global_colors_info=&#8221;{}&#8221;]<\/p>\n<h3>OUTROS ARTIGOS \u00daTEIS:<\/h3>\n<p>[\/et_pb_text][et_pb_text _builder_version=&#8221;4.17.6&#8243; _module_preset=&#8221;default&#8221; custom_margin=&#8221;||||false|false&#8221; custom_margin_tablet=&#8221;||||false|false&#8221; custom_margin_phone=&#8221;||||false|false&#8221; custom_margin_last_edited=&#8221;on|phone&#8221; global_colors_info=&#8221;{}&#8221;]<\/p>\n<p style=\"text-align: center;\">VACAYA <a href=\"https:\/\/www.myvacaya.com\/pt-pt\/o-negocio-de-cruzeiro-resort-fretado-uma-cartilha\/\" target=\"_blank\" rel=\"noopener\">101<\/a> , <a href=\"https:\/\/www.myvacaya.com\/pt-pt\/vacaya-201-equilibrando-o-servico-ao-hospede-e-os-negocios\/\" target=\"_blank\" rel=\"noopener\">201<\/a> , <a href=\"https:\/\/www.myvacaya.com\/pt-pt\/vacaya-301\/\" target=\"_blank\" rel=\"noopener\">301<\/a><\/p>\n<p style=\"text-align: center;\"><a href=\"https:\/\/www.myvacaya.com\/pt-pt\/seguro-de-viagem-101\/\" target=\"_blank\" rel=\"noopener\">SEGURO DE VIAGEM 101<\/a><\/p>\n<p>[\/et_pb_text][\/et_pb_column][\/et_pb_row][\/et_pb_section][et_pb_section fb_built=&#8221;1&#8243; admin_label=&#8221;Blog Trip Tiles&#8221; _builder_version=&#8221;4.17.6&#8243; _module_preset=&#8221;default&#8221; global_colors_info=&#8221;{}&#8221;][et_pb_row _builder_version=&#8221;4.17.6&#8243; _module_preset=&#8221;default&#8221; global_colors_info=&#8221;{}&#8221;][et_pb_column type=&#8221;4_4&#8243; _builder_version=&#8221;4.17.6&#8243; _module_preset=&#8221;default&#8221; global_colors_info=&#8221;{}&#8221;][et_pb_divider color=&#8221;#000000&#8243; divider_position=&#8221;center&#8221; _builder_version=&#8221;4.17.6&#8243; _module_preset=&#8221;default&#8221; global_colors_info=&#8221;{}&#8221;][\/et_pb_divider][\/et_pb_column][\/et_pb_row][et_pb_row _builder_version=&#8221;4.17.6&#8243; _module_preset=&#8221;default&#8221; global_colors_info=&#8221;{}&#8221;][et_pb_column type=&#8221;4_4&#8243; _builder_version=&#8221;4.17.6&#8243; _module_preset=&#8221;default&#8221; global_colors_info=&#8221;{}&#8221;][et_pb_text admin_label=&#8221;Section Title &#8211; H3&#8243; _builder_version=&#8221;4.17.6&#8243; _module_preset=&#8221;default&#8221; header_3_font=&#8221;Futura Bold|||on|||||&#8221; header_3_text_align=&#8221;center&#8221; header_3_text_color=&#8221;#000000&#8243; header_3_font_size=&#8221;18px&#8221; header_3_letter_spacing=&#8221;1.8px&#8221; header_3_line_height=&#8221;24px&#8221; custom_margin=&#8221;||||false|false&#8221; custom_margin_tablet=&#8221;||||false|false&#8221; custom_margin_phone=&#8221;||||false|false&#8221; custom_margin_last_edited=&#8221;on|phone&#8221; custom_padding=&#8221;||||false|false&#8221; global_colors_info=&#8221;{}&#8221;]<\/p>\n<h3>SE VOC\u00ca AINDA N\u00c3O RESERVOU AS MAIS QUENTES F\u00c9RIAS LGBT+ DO PLANETA,<br \/>\nO QUE VOC\u00ca EST\u00c1 ESPERANDO? CONFIRA ABAIXO!<\/h3>\n<p>[\/et_pb_text][\/et_pb_column][\/et_pb_row][et_pb_row _builder_version=&#8221;4.17.6&#8243; _module_preset=&#8221;default&#8221; global_colors_info=&#8221;{}&#8221;][et_pb_column type=&#8221;4_4&#8243; _builder_version=&#8221;4.17.6&#8243; _module_preset=&#8221;default&#8221; global_colors_info=&#8221;{}&#8221;][et_pb_text _builder_version=&#8221;4.17.6&#8243; _module_preset=&#8221;default&#8221; global_colors_info=&#8221;{}&#8221;]<div id=\"ajax-load-more\" class=\"ajax-load-more-wrap default\" data-id=\"experience-items\" data-alm-id=\"\" data-canonical-url=\"https:\/\/www.myvacaya.com\/pt-pt\/vacaya-401-o-contrato-social\/\" data-slug=\"vacaya-401-o-contrato-social\" data-post-id=\"119331\"  data-localized=\"ajax_load_more_experience_items_vars\" data-alm-object=\"ajax_load_more_experience_items\"><ul aria-live=\"polite\" aria-atomic=\"true\" class=\"alm-listing alm-ajax\" data-container-type=\"ul\" data-loading-style=\"default\" data-repeater=\"template_1\" data-post-type=\"trip\" data-meta-key=\"show_trip_tile\" data-meta-value=\"1\" data-custom-args=\"post_parent: 0\" data-order=\"ASC\" data-orderby=\"date\" data-offset=\"0\" data-posts-per-page=\"20\" data-lang=\"pt-pt\" data-scroll=\"false\" data-button-label=\"Load More\" data-prev-button-label=\"Load Previous\" data-destroy-after=\"1\"><\/ul><div class=\"alm-btn-wrap\" data-rel=\"ajax-load-more\"><button class=\"alm-load-more-btn\" type=\"button\">Load More<\/button><\/div><\/div>[\/et_pb_text][\/et_pb_column][\/et_pb_row][\/et_pb_section][et_pb_section fb_built=&#8221;1&#8243; admin_label=&#8221;Blog Comments&#8221; _builder_version=&#8221;4.17.6&#8243; _module_preset=&#8221;default&#8221; global_colors_info=&#8221;{}&#8221;][et_pb_row _builder_version=&#8221;4.17.6&#8243; _module_preset=&#8221;default&#8221; global_colors_info=&#8221;{}&#8221;][et_pb_column type=&#8221;4_4&#8243; _builder_version=&#8221;4.17.6&#8243; _module_preset=&#8221;default&#8221; global_colors_info=&#8221;{}&#8221;][et_pb_comments show_avatar=&#8221;off&#8221; show_count=&#8221;off&#8221; _builder_version=&#8221;4.17.6&#8243; _module_preset=&#8221;default&#8221; custom_button=&#8221;on&#8221; button_text_size=&#8221;18px&#8221; button_text_color=&#8221;#FFFFFF&#8221; button_bg_color=&#8221;#fa0375&#8243; button_border_width=&#8221;0px&#8221; button_border_color=&#8221;RGBA(255,255,255,0)&#8221; button_border_radius=&#8221;0px&#8221; button_font=&#8221;Futura Bold|||on|||||&#8221; button_use_icon=&#8221;off&#8221; button_bg_color_tablet=&#8221;#fa0375&#8243; button_bg_color_phone=&#8221;#fa0375&#8243; button_bg_color_last_edited=&#8221;on|desktop&#8221; global_colors_info=&#8221;{}&#8221; button_bg_color__hover_enabled=&#8221;on|hover&#8221; button_bg_color__hover=&#8221;#141414&#8243; button_bg_enable_color__hover=&#8221;on&#8221;][\/et_pb_comments][\/et_pb_column][\/et_pb_row][\/et_pb_section]<\/p>\n","protected":false},"excerpt":{"rendered":"<p>O Contrato Social &#8211; Um acordo entre os membros da nossa comunidade para cooperar para o benef\u00edcio social de todos os envolvidos.<\/p>\n","protected":false},"author":3,"featured_media":111651,"comment_status":"open","ping_status":"open","sticky":false,"template":"","format":"standard","meta":{"_acf_changed":false,"_et_pb_use_builder":"on","_et_pb_old_content":"","_et_gb_content_width":"","_monsterinsights_skip_tracking":false,"_monsterinsights_sitenote_active":false,"_monsterinsights_sitenote_note":"","_monsterinsights_sitenote_category":0,"footnotes":""},"categories":[358],"tags":[],"class_list":["post-119331","post","type-post","status-publish","format-standard","has-post-thumbnail","hentry","category-sem-categoria"],"acf":[],"_links":{"self":[{"href":"https:\/\/www.myvacaya.com\/pt-pt\/wp-json\/wp\/v2\/posts\/119331","targetHints":{"allow":["GET"]}}],"collection":[{"href":"https:\/\/www.myvacaya.com\/pt-pt\/wp-json\/wp\/v2\/posts"}],"about":[{"href":"https:\/\/www.myvacaya.com\/pt-pt\/wp-json\/wp\/v2\/types\/post"}],"author":[{"embeddable":true,"href":"https:\/\/www.myvacaya.com\/pt-pt\/wp-json\/wp\/v2\/users\/3"}],"replies":[{"embeddable":true,"href":"https:\/\/www.myvacaya.com\/pt-pt\/wp-json\/wp\/v2\/comments?post=119331"}],"version-history":[{"count":1,"href":"https:\/\/www.myvacaya.com\/pt-pt\/wp-json\/wp\/v2\/posts\/119331\/revisions"}],"predecessor-version":[{"id":119354,"href":"https:\/\/www.myvacaya.com\/pt-pt\/wp-json\/wp\/v2\/posts\/119331\/revisions\/119354"}],"wp:featuredmedia":[{"embeddable":true,"href":"https:\/\/www.myvacaya.com\/pt-pt\/wp-json\/wp\/v2\/media\/111651"}],"wp:attachment":[{"href":"https:\/\/www.myvacaya.com\/pt-pt\/wp-json\/wp\/v2\/media?parent=119331"}],"wp:term":[{"taxonomy":"category","embeddable":true,"href":"https:\/\/www.myvacaya.com\/pt-pt\/wp-json\/wp\/v2\/categories?post=119331"},{"taxonomy":"post_tag","embeddable":true,"href":"https:\/\/www.myvacaya.com\/pt-pt\/wp-json\/wp\/v2\/tags?post=119331"}],"curies":[{"name":"wp","href":"https:\/\/api.w.org\/{rel}","templated":true}]}}