{"id":119302,"date":"2021-11-10T18:36:28","date_gmt":"2021-11-10T23:36:28","guid":{"rendered":"https:\/\/www.myvacaya.com\/vacaya-401-il-contratto-sociale\/"},"modified":"2023-08-04T10:55:40","modified_gmt":"2023-08-04T14:55:40","slug":"vacaya-401-il-contratto-sociale","status":"publish","type":"post","link":"https:\/\/www.myvacaya.com\/it\/vacaya-401-il-contratto-sociale\/","title":{"rendered":"VACAYA 401: Il contratto sociale"},"content":{"rendered":"<p>[et_pb_section fb_built=&#8221;1&#8243; fullwidth=&#8221;on&#8221; admin_label=&#8221;Slider&#8221; module_id=&#8221;cursore-sezione-interno&#8221; _builder_version=&#8221;4.17.6&#8243; _module_preset=&#8221;default&#8221; background_enable_image=&#8221;off&#8221; global_colors_info=&#8221;{}&#8221;][et_pb_fullwidth_code admin_label=&#8221;Slider Overlay&#8221; module_class=&#8221;interior-page-overlay&#8221; _builder_version=&#8221;4.17.6&#8243; _module_preset=&#8221;default&#8221; positioning=&#8221;absolute&#8221; position_origin_a=&#8221;top_right&#8221; position_origin_f=&#8221;top_right&#8221; z_index=&#8221;100&#8243; width=&#8221;50%&#8221; width_tablet=&#8221;50%&#8221; width_phone=&#8221;100%&#8221; width_last_edited=&#8221;on|phone&#8221; height=&#8221;100vh&#8221; hover_enabled=&#8221;0&#8243; global_colors_info=&#8221;{}&#8221; sticky_enabled=&#8221;0&#8243;]<div class=\"trip-overlay\"><div class=\"trip-title\"><h1>VACAYA 401: Il contratto sociale<\/h1><\/div><\/div>[\/et_pb_fullwidth_code][et_pb_fullwidth_slider show_arrows=&#8221;off&#8221; admin_label=&#8221;Slider Images&#8221; module_id=&#8221;slider-images&#8221; _builder_version=&#8221;4.17.6&#8243; _module_preset=&#8221;default&#8221; height=&#8221;100vh&#8221; auto=&#8221;on&#8221; global_colors_info=&#8221;{}&#8221;][et_pb_slide _builder_version=&#8221;4.17.6&#8243; _module_preset=&#8221;default&#8221; background_color=&#8221;RGBA(255,255,255,0)&#8221; background_enable_color=&#8221;on&#8221; background_image=&#8221;https:\/\/www.myvacaya.com\/wp-content\/uploads\/2021\/11\/Blog-Hero-Desktop-The-Social-Contract-2-1.jpg&#8221; background_enable_image=&#8221;on&#8221; background_last_edited=&#8221;on|desktop&#8221; background_image_phone=&#8221;https:\/\/www.myvacaya.com\/wp-content\/uploads\/2022\/10\/Blog-Hero-Mobile-The-Social-Contract.jpg&#8221; background_enable_image_phone=&#8221;on&#8221; global_colors_info=&#8221;{}&#8221; sticky_transition=&#8221;on&#8221;][\/et_pb_slide][\/et_pb_fullwidth_slider][\/et_pb_section][et_pb_section fb_built=&#8221;1&#8243; custom_padding_last_edited=&#8221;on|tablet&#8221; _builder_version=&#8221;4.17.6&#8243; _module_preset=&#8221;default&#8221; custom_padding=&#8221;||0%||false|false&#8221; custom_padding_tablet=&#8221;||||false|false&#8221; custom_padding_phone=&#8221;||||false|false&#8221; global_colors_info=&#8221;{}&#8221;][et_pb_row _builder_version=&#8221;4.17.6&#8243; _module_preset=&#8221;default&#8221; custom_padding=&#8221;||0%||false|false&#8221; global_colors_info=&#8221;{}&#8221;][et_pb_column type=&#8221;4_4&#8243; _builder_version=&#8221;4.17.6&#8243; _module_preset=&#8221;default&#8221; global_colors_info=&#8221;{}&#8221;][et_pb_text _builder_version=&#8221;4.17.6&#8243; _module_preset=&#8221;default&#8221; custom_margin=&#8221;||||false|false&#8221; custom_margin_tablet=&#8221;||||false|false&#8221; custom_margin_phone=&#8221;||||false|false&#8221; custom_margin_last_edited=&#8221;on|phone&#8221; global_colors_info=&#8221;{}&#8221;]Comprendiamo che leggere i termini e le condizioni per gli acquisti effettuati online \u00e8 una seccatura, ma sono una necessit\u00e0. Dopotutto, firmandoli, accetti legalmente tutto ci\u00f2 che \u00e8 contenuto in essi. Ma c&#8217;\u00e8 molto di pi\u00f9 nella prenotazione con VACAYA oltre ai nostri termini e condizioni. L&#8217;acquisto di una vacanza da noi \u00e8 tanto un contratto sociale quanto legale: un accordo tra i membri della nostra comunit\u00e0 per cooperare a beneficio sociale di tutti i soggetti coinvolti.<\/p>\n<p>Ecco a cosa si iscrive VACAYA:<\/p>\n<ul>\n<li>Tratteniamo la tua camera selezionata personalmente dal momento in cui la prenoti, sia che tu paghi per intero o che scegli di pagare nel tempo, senza interessi.<\/li>\n<li>Lavoriamo instancabilmente per monitorare le politiche del CDC, dell&#8217;OMS e delle compagnie di crociera, ma pubblichiamo protocolli di salute e sicurezza solo a 30 giorni dalla partenza. Lo facciamo perch\u00e9 perderesti la testa se fossi sommerso dalle politiche in continua evoluzione, politiche che potrebbero cambiare anche dopo quel limite di 30 giorni. Quindi facciamo tutto questo per te.<\/li>\n<li>Abbiamo l&#8217;obbligo di gestire ogni evento charter sicuro per gli ospiti che si adattano a vivere e continuare i loro piani di viaggio. Seguire i protocolli (come essere vaccinati o indossare una maschera) non costituisce un motivo per non adempiere ai nostri obblighi contrattuali nei confronti della compagnia di crociera\/resort o degli ospiti che hanno prenotato e desiderano ancora viaggiare. N\u00e9 questo rende loro o noi persone cattive. Ci fidiamo della scienza e riconosciamo che \u00e8 una curva di apprendimento in continua evoluzione.<\/li>\n<li>Nel caso in cui scegli di annullare e desideri evitare commissioni, facciamo di tutto per aiutarti a trovare un sostituto, ma alla fine \u00e8 tua responsabilit\u00e0.<\/li>\n<li>Soprattutto, faremo ci\u00f2 che \u00e8 giusto per i nostri ospiti.<\/li>\n<\/ul>\n<p>Ecco la tua parte del contratto sociale:<\/p>\n<ul>\n<li>Comprendi che non siamo come le altre compagnie di viaggio in cui devi calciare e urlare sui social media per convincere qualcuno ad ascoltarti e agire. Ascoltiamo sempre, risponderemo sempre e faremo sempre tutto il possibile per confermare che hai riposto la tua fiducia nella giusta compagnia di vacanze. Non \u00e8 necessario urlare o accusare.<\/li>\n<li>Comprendi i distinti vantaggi dell&#8217;assicurazione di viaggio (cancellazione avviata dall&#8217;ospite, interruzione del viaggio, copertura medica ed evacuazione sanitaria) e investi in essa.<\/li>\n<li>Se scegli di non partecipare a una vacanza prenotata, \u00e8 comunque tua responsabilit\u00e0 fino a quando non trovi un sostituto da te, da noi o dal tuo agente di viaggio. Ma alla fine, la responsabilit\u00e0 \u00e8 tua.<\/li>\n<li>Comprendi che se desideri vendere la tua stanza, ci vuole tempo. Quindi \u00e8 necessaria pazienza. E s\u00ec, c&#8217;\u00e8 anche la possibilit\u00e0 che tu possa aver bisogno di offrire un prezzo inferiore a quello che hai pagato per renderlo attraente per qualcuno che lo compri da te.<\/li>\n<li>La pi\u00f9 alta richiesta di cabine si verifica al momento del lancio e, pertanto, ti chiediamo di rispettare gli altri viaggiatori prenotando solo le vacanze che alla fine probabilmente farai.<\/li>\n<li>E lo ripeteremo, perch\u00e9 vale la pena ripeterlo&#8230; anche se scegli di non leggere i nostri termini e condizioni, sono comunque un accordo legalmente vincolante e sei responsabile di tutte le disposizioni.<\/li>\n<\/ul>\n<p>[\/et_pb_text][et_pb_button button_url=&#8221;https:\/\/www.myvacaya.com\/it\/risorse-per-gli-ospiti\/termini-e-condizioni-per-gli-ospiti\/&#8221; button_text=&#8221;CONTROLLA TERMINI E CONDIZIONI&#8221; button_alignment=&#8221;center&#8221; module_class=&#8221;btn-pink&#8221; _builder_version=&#8221;4.17.6&#8243; _module_preset=&#8221;default&#8221; custom_button=&#8221;on&#8221; button_border_width=&#8221;0px&#8221; button_border_color=&#8221;RGBA(255,255,255,0)&#8221; button_use_icon=&#8221;off&#8221; custom_padding=&#8221;12px|70px|12px|70px|false|false&#8221; global_colors_info=&#8221;{}&#8221;][\/et_pb_button][et_pb_text admin_label=&#8221;Section Title &#8211; H3&#8243; _builder_version=&#8221;4.17.6&#8243; _module_preset=&#8221;default&#8221; header_3_font=&#8221;Futura Bold|||on|||||&#8221; header_3_text_align=&#8221;center&#8221; header_3_text_color=&#8221;#000000&#8243; header_3_font_size=&#8221;18px&#8221; header_3_letter_spacing=&#8221;1.8px&#8221; header_3_line_height=&#8221;24px&#8221; custom_margin=&#8221;||||false|false&#8221; custom_margin_tablet=&#8221;||||false|false&#8221; custom_margin_phone=&#8221;||||false|false&#8221; custom_margin_last_edited=&#8221;on|phone&#8221; custom_padding=&#8221;||||false|false&#8221; global_colors_info=&#8221;{}&#8221;]<\/p>\n<h3>ALTRI ARTICOLI UTILI:<\/h3>\n<p>[\/et_pb_text][et_pb_text _builder_version=&#8221;4.17.6&#8243; _module_preset=&#8221;default&#8221; custom_margin=&#8221;||||false|false&#8221; custom_margin_tablet=&#8221;||||false|false&#8221; custom_margin_phone=&#8221;||||false|false&#8221; custom_margin_last_edited=&#8221;on|phone&#8221; global_colors_info=&#8221;{}&#8221;]<\/p>\n<p style=\"text-align: center;\">VACAYA <a href=\"https:\/\/www.myvacaya.com\/it\/lattivita-di-crociera-charter-resort-un-primer\/\" target=\"_blank\" rel=\"noopener\">101<\/a> , <a href=\"https:\/\/www.myvacaya.com\/it\/vacaya-201-bilanciamento-del-servizio-per-gli-ospiti-e-il-business\/\" target=\"_blank\" rel=\"noopener\">201<\/a> , <a href=\"https:\/\/www.myvacaya.com\/it\/vacaya-301\/\" target=\"_blank\" rel=\"noopener\">301<\/a><\/p>\n<p style=\"text-align: center;\"><a href=\"https:\/\/www.myvacaya.com\/it\/assicurazione-di-viaggio-101\/\" target=\"_blank\" rel=\"noopener\">ASSICURAZIONE DI VIAGGIO 101<\/a><\/p>\n<p>[\/et_pb_text][\/et_pb_column][\/et_pb_row][\/et_pb_section][et_pb_section fb_built=&#8221;1&#8243; admin_label=&#8221;Blog Trip Tiles&#8221; _builder_version=&#8221;4.17.6&#8243; _module_preset=&#8221;default&#8221; global_colors_info=&#8221;{}&#8221;][et_pb_row _builder_version=&#8221;4.17.6&#8243; _module_preset=&#8221;default&#8221; global_colors_info=&#8221;{}&#8221;][et_pb_column type=&#8221;4_4&#8243; _builder_version=&#8221;4.17.6&#8243; _module_preset=&#8221;default&#8221; global_colors_info=&#8221;{}&#8221;][et_pb_divider color=&#8221;#000000&#8243; divider_position=&#8221;center&#8221; _builder_version=&#8221;4.17.6&#8243; _module_preset=&#8221;default&#8221; global_colors_info=&#8221;{}&#8221;][\/et_pb_divider][\/et_pb_column][\/et_pb_row][et_pb_row _builder_version=&#8221;4.17.6&#8243; _module_preset=&#8221;default&#8221; global_colors_info=&#8221;{}&#8221;][et_pb_column type=&#8221;4_4&#8243; _builder_version=&#8221;4.17.6&#8243; _module_preset=&#8221;default&#8221; global_colors_info=&#8221;{}&#8221;][et_pb_text admin_label=&#8221;Section Title &#8211; H3&#8243; _builder_version=&#8221;4.17.6&#8243; _module_preset=&#8221;default&#8221; header_3_font=&#8221;Futura Bold|||on|||||&#8221; header_3_text_align=&#8221;center&#8221; header_3_text_color=&#8221;#000000&#8243; header_3_font_size=&#8221;18px&#8221; header_3_letter_spacing=&#8221;1.8px&#8221; header_3_line_height=&#8221;24px&#8221; custom_margin=&#8221;||||false|false&#8221; custom_margin_tablet=&#8221;||||false|false&#8221; custom_margin_phone=&#8221;||||false|false&#8221; custom_margin_last_edited=&#8221;on|phone&#8221; custom_padding=&#8221;||||false|false&#8221; global_colors_info=&#8221;{}&#8221;]<\/p>\n<h3>SE NON HAI PRENOTATO LE VACANZE LGBT+ PI\u00d9 CALDE DEL PIANETA,<br \/>\nCHE COSA STAI ASPETTANDO? DAI UN&#8217;OCCHIATA QUI SOTTO!<\/h3>\n<p>[\/et_pb_text][\/et_pb_column][\/et_pb_row][et_pb_row _builder_version=&#8221;4.17.6&#8243; _module_preset=&#8221;default&#8221; global_colors_info=&#8221;{}&#8221;][et_pb_column type=&#8221;4_4&#8243; _builder_version=&#8221;4.17.6&#8243; _module_preset=&#8221;default&#8221; global_colors_info=&#8221;{}&#8221;][et_pb_text _builder_version=&#8221;4.17.6&#8243; _module_preset=&#8221;default&#8221; global_colors_info=&#8221;{}&#8221;]<div id=\"ajax-load-more\" class=\"ajax-load-more-wrap default\" data-id=\"experience-items\" data-alm-id=\"\" data-canonical-url=\"https:\/\/www.myvacaya.com\/it\/vacaya-401-il-contratto-sociale\/\" data-slug=\"vacaya-401-il-contratto-sociale\" data-post-id=\"119302\"  data-localized=\"ajax_load_more_experience_items_vars\" data-alm-object=\"ajax_load_more_experience_items\"><ul aria-live=\"polite\" aria-atomic=\"true\" class=\"alm-listing alm-ajax\" data-container-type=\"ul\" data-loading-style=\"default\" data-repeater=\"template_1\" data-post-type=\"trip\" data-meta-key=\"show_trip_tile\" data-meta-value=\"1\" data-custom-args=\"post_parent: 0\" data-order=\"ASC\" data-orderby=\"date\" data-offset=\"0\" data-posts-per-page=\"20\" data-lang=\"it\" data-scroll=\"false\" data-button-label=\"Load More\" data-prev-button-label=\"Load Previous\" data-destroy-after=\"1\"><\/ul><div class=\"alm-btn-wrap\" data-rel=\"ajax-load-more\"><button class=\"alm-load-more-btn\" type=\"button\">Load More<\/button><\/div><\/div>[\/et_pb_text][\/et_pb_column][\/et_pb_row][\/et_pb_section][et_pb_section fb_built=&#8221;1&#8243; admin_label=&#8221;Blog Comments&#8221; _builder_version=&#8221;4.17.6&#8243; _module_preset=&#8221;default&#8221; global_colors_info=&#8221;{}&#8221;][et_pb_row _builder_version=&#8221;4.17.6&#8243; _module_preset=&#8221;default&#8221; global_colors_info=&#8221;{}&#8221;][et_pb_column type=&#8221;4_4&#8243; _builder_version=&#8221;4.17.6&#8243; _module_preset=&#8221;default&#8221; global_colors_info=&#8221;{}&#8221;][et_pb_comments show_avatar=&#8221;off&#8221; show_count=&#8221;off&#8221; _builder_version=&#8221;4.17.6&#8243; _module_preset=&#8221;default&#8221; custom_button=&#8221;on&#8221; button_text_size=&#8221;18px&#8221; button_text_color=&#8221;#FFFFFF&#8221; button_bg_color=&#8221;#fa0375&#8243; button_border_width=&#8221;0px&#8221; button_border_color=&#8221;RGBA(255,255,255,0)&#8221; button_border_radius=&#8221;0px&#8221; button_font=&#8221;Futura Bold|||on|||||&#8221; button_use_icon=&#8221;off&#8221; button_bg_color_tablet=&#8221;#fa0375&#8243; button_bg_color_phone=&#8221;#fa0375&#8243; button_bg_color_last_edited=&#8221;on|desktop&#8221; global_colors_info=&#8221;{}&#8221; button_bg_color__hover_enabled=&#8221;on|hover&#8221; button_bg_color__hover=&#8221;#141414&#8243; button_bg_enable_color__hover=&#8221;on&#8221;][\/et_pb_comments][\/et_pb_column][\/et_pb_row][\/et_pb_section]<\/p>\n","protected":false},"excerpt":{"rendered":"<p>Il contratto sociale &#8211; Un accordo tra i membri della nostra comunit\u00e0 per cooperare a beneficio sociale di tutti i soggetti coinvolti.<\/p>\n","protected":false},"author":3,"featured_media":111649,"comment_status":"open","ping_status":"open","sticky":false,"template":"","format":"standard","meta":{"_acf_changed":false,"_et_pb_use_builder":"on","_et_pb_old_content":"","_et_gb_content_width":"","_monsterinsights_skip_tracking":false,"_monsterinsights_sitenote_active":false,"_monsterinsights_sitenote_note":"","_monsterinsights_sitenote_category":0,"footnotes":""},"categories":[357],"tags":[],"class_list":["post-119302","post","type-post","status-publish","format-standard","has-post-thumbnail","hentry","category-non-categorizzato"],"acf":[],"_links":{"self":[{"href":"https:\/\/www.myvacaya.com\/it\/wp-json\/wp\/v2\/posts\/119302","targetHints":{"allow":["GET"]}}],"collection":[{"href":"https:\/\/www.myvacaya.com\/it\/wp-json\/wp\/v2\/posts"}],"about":[{"href":"https:\/\/www.myvacaya.com\/it\/wp-json\/wp\/v2\/types\/post"}],"author":[{"embeddable":true,"href":"https:\/\/www.myvacaya.com\/it\/wp-json\/wp\/v2\/users\/3"}],"replies":[{"embeddable":true,"href":"https:\/\/www.myvacaya.com\/it\/wp-json\/wp\/v2\/comments?post=119302"}],"version-history":[{"count":2,"href":"https:\/\/www.myvacaya.com\/it\/wp-json\/wp\/v2\/posts\/119302\/revisions"}],"predecessor-version":[{"id":119351,"href":"https:\/\/www.myvacaya.com\/it\/wp-json\/wp\/v2\/posts\/119302\/revisions\/119351"}],"wp:featuredmedia":[{"embeddable":true,"href":"https:\/\/www.myvacaya.com\/it\/wp-json\/wp\/v2\/media\/111649"}],"wp:attachment":[{"href":"https:\/\/www.myvacaya.com\/it\/wp-json\/wp\/v2\/media?parent=119302"}],"wp:term":[{"taxonomy":"category","embeddable":true,"href":"https:\/\/www.myvacaya.com\/it\/wp-json\/wp\/v2\/categories?post=119302"},{"taxonomy":"post_tag","embeddable":true,"href":"https:\/\/www.myvacaya.com\/it\/wp-json\/wp\/v2\/tags?post=119302"}],"curies":[{"name":"wp","href":"https:\/\/api.w.org\/{rel}","templated":true}]}}