{"id":63044,"date":"2021-11-10T18:36:28","date_gmt":"2021-11-10T23:36:28","guid":{"rendered":"https:\/\/www.myvacaya.com\/vacaya-401-el-contrato-social\/"},"modified":"2023-08-02T14:37:07","modified_gmt":"2023-08-02T18:37:07","slug":"vacaya-401-el-contrato-social","status":"publish","type":"post","link":"https:\/\/www.myvacaya.com\/es\/vacaya-401-el-contrato-social\/","title":{"rendered":"VACAYA 401: El Contrato Social"},"content":{"rendered":"<p>[et_pb_section fb_built=\u00bb1&#8243; fullwidth=\u00bbon\u00bb admin_label=\u00bbSlider\u00bb module_id=\u00bbdeslizador-secci\u00f3n-interior\u00bb _builder_version=\u00bb4.17.6&#8243; _module_preset=\u00bbdefault\u00bb background_enable_image=\u00bboff\u00bb global_colors_info=\u00bb{}\u00bb][et_pb_fullwidth_code admin_label=\u00bbSlider Overlay\u00bb module_class=\u00bbinterior-page-overlay\u00bb _builder_version=\u00bb4.17.6&#8243; _module_preset=\u00bbdefault\u00bb positioning=\u00bbabsolute\u00bb position_origin_a=\u00bbtop_right\u00bb position_origin_f=\u00bbtop_right\u00bb z_index=\u00bb100&#8243; width=\u00bb50%\u00bb width_tablet=\u00bb50%\u00bb width_phone=\u00bb100%\u00bb width_last_edited=\u00bbon|phone\u00bb height=\u00bb100vh\u00bb hover_enabled=\u00bb0&#8243; global_colors_info=\u00bb{}\u00bb sticky_enabled=\u00bb0&#8243;]<div class=\"trip-overlay\"><div class=\"trip-title\"><h1>VACAYA 401: El Contrato Social<\/h1><\/div><\/div>[\/et_pb_fullwidth_code][et_pb_fullwidth_slider show_arrows=\u00bboff\u00bb admin_label=\u00bbSlider Images\u00bb module_id=\u00bbslider-images\u00bb _builder_version=\u00bb4.17.6&#8243; _module_preset=\u00bbdefault\u00bb height=\u00bb100vh\u00bb auto=\u00bbon\u00bb global_colors_info=\u00bb{}\u00bb][et_pb_slide _builder_version=\u00bb4.17.6&#8243; _module_preset=\u00bbdefault\u00bb background_color=\u00bbRGBA(255,255,255,0)\u00bb background_enable_color=\u00bbon\u00bb background_image=\u00bbhttps:\/\/www.myvacaya.com\/wp-content\/uploads\/2021\/11\/Blog-Hero-Desktop-The-Social-Contract-2-1.jpg\u00bb background_enable_image=\u00bbon\u00bb background_last_edited=\u00bbon|desktop\u00bb background_image_phone=\u00bbhttps:\/\/www.myvacaya.com\/wp-content\/uploads\/2022\/10\/Blog-Hero-Mobile-The-Social-Contract.jpg\u00bb background_enable_image_phone=\u00bbon\u00bb global_colors_info=\u00bb{}\u00bb sticky_transition=\u00bbon\u00bb][\/et_pb_slide][\/et_pb_fullwidth_slider][\/et_pb_section][et_pb_section fb_built=\u00bb1&#8243; custom_padding_last_edited=\u00bbon|tablet\u00bb _builder_version=\u00bb4.17.6&#8243; _module_preset=\u00bbdefault\u00bb custom_padding=\u00bb||0%||false|false\u00bb custom_padding_tablet=\u00bb||||false|false\u00bb custom_padding_phone=\u00bb||||false|false\u00bb global_colors_info=\u00bb{}\u00bb][et_pb_row _builder_version=\u00bb4.17.6&#8243; _module_preset=\u00bbdefault\u00bb custom_padding=\u00bb||0%||false|false\u00bb global_colors_info=\u00bb{}\u00bb][et_pb_column type=\u00bb4_4&#8243; _builder_version=\u00bb4.17.6&#8243; _module_preset=\u00bbdefault\u00bb global_colors_info=\u00bb{}\u00bb][et_pb_text _builder_version=\u00bb4.17.6&#8243; _module_preset=\u00bbdefault\u00bb custom_margin=\u00bb||||false|false\u00bb custom_margin_tablet=\u00bb||||false|false\u00bb custom_margin_phone=\u00bb||||false|false\u00bb custom_margin_last_edited=\u00bbon|phone\u00bb global_colors_info=\u00bb{}\u00bb]Entendemos que leer los t\u00e9rminos y condiciones de las compras que realiza en l\u00ednea es un lastre, pero son una necesidad. Despu\u00e9s de todo, al firmarlos, est\u00e1s aceptando legalmente todo lo que contienen. Pero realmente hay m\u00e1s para reservar con VACAYA que nuestros t\u00e9rminos y condiciones. Comprarnos unas vacaciones es tanto un contrato social como uno legal: un acuerdo entre los miembros de nuestra comunidad para cooperar en beneficio social de todos los involucrados.<\/p>\n<p>Esto es lo que se inscribe en VACAYA:<\/p>\n<ul>\n<li>Mantenemos su habitaci\u00f3n seleccionada personalmente desde el momento en que la reserva, ya sea que pague en su totalidad o elija pagar a plazos, sin intereses.<\/li>\n<li>Trabajamos incansablemente para monitorear las pol\u00edticas de los CDC, la OMS y las l\u00edneas de cruceros, pero solo publicamos los protocolos de salud y seguridad 30 d\u00edas antes de la salida. Hacemos esto porque perder\u00eda la cabeza si se viera inundado con las pol\u00edticas en constante cambio, pol\u00edticas que podr\u00edan cambiar incluso despu\u00e9s de esa marca de 30 d\u00edas. As\u00ed que hacemos todo eso por ti.<\/li>\n<li>Tenemos la obligaci\u00f3n de operar cada evento ch\u00e1rter que sea seguro para los hu\u00e9spedes que se adaptan a vivir y continuar con sus planes de viaje. Seguir los protocolos (como estar vacunado o usar una m\u00e1scara) no constituye una raz\u00f3n para que no cumplamos con nuestra obligaci\u00f3n contractual con la l\u00ednea de cruceros\/compa\u00f1\u00eda del resort o con los hu\u00e9spedes que hayan reservado y a\u00fan deseen viajar. Tampoco eso los convierte a ellos oa nosotros en malas personas. Confiamos en la ciencia y reconocemos que es una curva de aprendizaje en constante evoluci\u00f3n.<\/li>\n<li>En caso de que elija cancelar y desee evitar cargos, hacemos todo lo posible para ayudarlo a encontrar un reemplazo, pero en \u00faltima instancia, es su responsabilidad.<\/li>\n<li>Sobre todo, haremos lo correcto para nuestros hu\u00e9spedes.<\/li>\n<\/ul>\n<p>Esta es su parte del contrato social:<\/p>\n<ul>\n<li>Comprende que no somos como otras compa\u00f1\u00edas de viajes en las que tienes que patear y gritar en las redes sociales para que alguien te escuche y act\u00fae. Siempre estamos escuchando, siempre responderemos y siempre haremos todo lo posible dentro de lo razonable para reafirmar que ha depositado su confianza en la compa\u00f1\u00eda de vacaciones adecuada. No es necesario gritar ni acusar.<\/li>\n<li>Comprenda los distintos beneficios del seguro de viaje (cancelaci\u00f3n iniciada por el hu\u00e9sped, interrupci\u00f3n del viaje, cobertura m\u00e9dica y evacuaci\u00f3n m\u00e9dica) e invierta en \u00e9l.<\/li>\n<li>Si elige no asistir a unas vacaciones reservadas, sigue siendo su responsabilidad hasta que usted, nosotros o su agente de viajes encuentren un reemplazo. Pero en \u00faltima instancia, la responsabilidad es tuya.<\/li>\n<li>Comprenda que si desea vender su habitaci\u00f3n, se necesita tiempo. As\u00ed que se requiere paciencia. Y s\u00ed, incluso existe la posibilidad de que deba ofrecer un precio m\u00e1s bajo que el que pag\u00f3 para que sea atractivo para que alguien se lo compre.<\/li>\n<li>La mayor demanda de camarotes ocurre en el momento del lanzamiento y, como tal, le pedimos que respete a los compa\u00f1eros de viaje reservando realmente solo las vacaciones que probablemente tomar\u00e1.<\/li>\n<li>Y repetiremos esto, porque vale la pena repetirlo&#8230; incluso si elige no leer nuestros t\u00e9rminos y condiciones, siguen siendo un acuerdo legalmente vinculante y usted es responsable de todas las disposiciones.<\/li>\n<\/ul>\n<p>[\/et_pb_text][et_pb_button button_url=\u00bbhttps:\/\/www.myvacaya.com\/es\/recursos-para-invitados\/terminos-y-condiciones-para-invitados\/\u00bb button_text=\u00bbREVISAR T\u00c9RMINOS Y CONDICIONES\u00bb button_alignment=\u00bbcenter\u00bb module_class=\u00bbbtn-pink\u00bb _builder_version=\u00bb4.17.6&#8243; _module_preset=\u00bbdefault\u00bb custom_button=\u00bbon\u00bb button_border_width=\u00bb0px\u00bb button_border_color=\u00bbRGBA(255,255,255,0)\u00bb button_use_icon=\u00bboff\u00bb custom_padding=\u00bb12px|70px|12px|70px|false|false\u00bb global_colors_info=\u00bb{}\u00bb][\/et_pb_button][et_pb_text admin_label=\u00bbSection Title &#8211; H3&#8243; _builder_version=\u00bb4.17.6&#8243; _module_preset=\u00bbdefault\u00bb header_3_font=\u00bbFutura Bold|||on|||||\u00bb header_3_text_align=\u00bbcenter\u00bb header_3_text_color=\u00bb#000000&#8243; header_3_font_size=\u00bb18px\u00bb header_3_letter_spacing=\u00bb1.8px\u00bb header_3_line_height=\u00bb24px\u00bb custom_margin=\u00bb||||false|false\u00bb custom_margin_tablet=\u00bb||||false|false\u00bb custom_margin_phone=\u00bb||||false|false\u00bb custom_margin_last_edited=\u00bbon|phone\u00bb custom_padding=\u00bb||||false|false\u00bb global_colors_info=\u00bb{}\u00bb]<\/p>\n<h3>OTROS ART\u00cdCULOS \u00daTILES:<\/h3>\n<p>[\/et_pb_text][et_pb_text _builder_version=\u00bb4.17.6&#8243; _module_preset=\u00bbdefault\u00bb custom_margin=\u00bb||||false|false\u00bb custom_margin_tablet=\u00bb||||false|false\u00bb custom_margin_phone=\u00bb||||false|false\u00bb custom_margin_last_edited=\u00bbon|phone\u00bb global_colors_info=\u00bb{}\u00bb]<\/p>\n<p style=\"text-align: center;\">VACAYA <a href=\"https:\/\/www.myvacaya.com\/the-charter-cruise-resort-business-a-primer\/\" target=\"_blank\" rel=\"noopener\">101<\/a> , <a href=\"https:\/\/www.myvacaya.com\/es\/vacaya-201-equilibrar-el-servicio-al-huesped-y-el-negocio\/\" target=\"_blank\" rel=\"noopener\">201<\/a> , <a href=\"https:\/\/www.myvacaya.com\/es\/vacaya-301\/\" target=\"_blank\" rel=\"noopener\">301<\/a><\/p>\n<p style=\"text-align: center;\"><a href=\"https:\/\/www.myvacaya.com\/es\/seguro-de-viaje-101\/\" target=\"_blank\" rel=\"noopener\">SEGURO DE VIAJE 101<\/a><\/p>\n<p>[\/et_pb_text][\/et_pb_column][\/et_pb_row][\/et_pb_section][et_pb_section fb_built=\u00bb1&#8243; admin_label=\u00bbBlog Trip Tiles\u00bb _builder_version=\u00bb4.17.6&#8243; _module_preset=\u00bbdefault\u00bb global_colors_info=\u00bb{}\u00bb][et_pb_row _builder_version=\u00bb4.17.6&#8243; _module_preset=\u00bbdefault\u00bb global_colors_info=\u00bb{}\u00bb][et_pb_column type=\u00bb4_4&#8243; _builder_version=\u00bb4.17.6&#8243; _module_preset=\u00bbdefault\u00bb global_colors_info=\u00bb{}\u00bb][et_pb_divider color=\u00bb#000000&#8243; divider_position=\u00bbcenter\u00bb _builder_version=\u00bb4.17.6&#8243; _module_preset=\u00bbdefault\u00bb global_colors_info=\u00bb{}\u00bb][\/et_pb_divider][\/et_pb_column][\/et_pb_row][et_pb_row _builder_version=\u00bb4.17.6&#8243; _module_preset=\u00bbdefault\u00bb global_colors_info=\u00bb{}\u00bb][et_pb_column type=\u00bb4_4&#8243; _builder_version=\u00bb4.17.6&#8243; _module_preset=\u00bbdefault\u00bb global_colors_info=\u00bb{}\u00bb][et_pb_text admin_label=\u00bbSection Title &#8211; H3&#8243; _builder_version=\u00bb4.17.6&#8243; _module_preset=\u00bbdefault\u00bb header_3_font=\u00bbFutura Bold|||on|||||\u00bb header_3_text_align=\u00bbcenter\u00bb header_3_text_color=\u00bb#000000&#8243; header_3_font_size=\u00bb18px\u00bb header_3_letter_spacing=\u00bb1.8px\u00bb header_3_line_height=\u00bb24px\u00bb custom_margin=\u00bb||||false|false\u00bb custom_margin_tablet=\u00bb||||false|false\u00bb custom_margin_phone=\u00bb||||false|false\u00bb custom_margin_last_edited=\u00bbon|phone\u00bb custom_padding=\u00bb||||false|false\u00bb global_colors_info=\u00bb{}\u00bb]<\/p>\n<h3>SI NO HAS RESERVADO LAS VACACIONES LGBT+ M\u00c1S CALIENTES DEL PLANETA,<br \/>\n\u00bfQUE ESTAS ESPERANDO? \u00a1CONSULTALOS ABAJO!<\/h3>\n<p>[\/et_pb_text][\/et_pb_column][\/et_pb_row][et_pb_row _builder_version=\u00bb4.17.6&#8243; _module_preset=\u00bbdefault\u00bb global_colors_info=\u00bb{}\u00bb][et_pb_column type=\u00bb4_4&#8243; _builder_version=\u00bb4.17.6&#8243; _module_preset=\u00bbdefault\u00bb global_colors_info=\u00bb{}\u00bb][et_pb_text _builder_version=\u00bb4.17.6&#8243; _module_preset=\u00bbdefault\u00bb global_colors_info=\u00bb{}\u00bb]<div id=\"ajax-load-more\" class=\"ajax-load-more-wrap default\" data-id=\"experience-items\" data-alm-id=\"\" data-canonical-url=\"https:\/\/www.myvacaya.com\/es\/vacaya-401-el-contrato-social\/\" data-slug=\"vacaya-401-el-contrato-social\" data-post-id=\"63044\"  data-localized=\"ajax_load_more_experience_items_vars\" data-alm-object=\"ajax_load_more_experience_items\"><ul aria-live=\"polite\" aria-atomic=\"true\" class=\"alm-listing alm-ajax\" data-container-type=\"ul\" data-loading-style=\"default\" data-repeater=\"template_1\" data-post-type=\"trip\" data-meta-key=\"show_trip_tile\" data-meta-value=\"1\" data-custom-args=\"post_parent: 0\" data-order=\"ASC\" data-orderby=\"date\" data-offset=\"0\" data-posts-per-page=\"20\" data-lang=\"es\" data-scroll=\"false\" data-button-label=\"Load More\" data-prev-button-label=\"Load Previous\" data-destroy-after=\"1\"><\/ul><div class=\"alm-btn-wrap\" data-rel=\"ajax-load-more\"><button class=\"alm-load-more-btn\" type=\"button\">Load More<\/button><\/div><\/div>[\/et_pb_text][\/et_pb_column][\/et_pb_row][\/et_pb_section][et_pb_section fb_built=\u00bb1&#8243; admin_label=\u00bbBlog Comments\u00bb _builder_version=\u00bb4.17.6&#8243; _module_preset=\u00bbdefault\u00bb global_colors_info=\u00bb{}\u00bb][et_pb_row _builder_version=\u00bb4.17.6&#8243; _module_preset=\u00bbdefault\u00bb global_colors_info=\u00bb{}\u00bb][et_pb_column type=\u00bb4_4&#8243; _builder_version=\u00bb4.17.6&#8243; _module_preset=\u00bbdefault\u00bb global_colors_info=\u00bb{}\u00bb][et_pb_comments show_avatar=\u00bboff\u00bb show_count=\u00bboff\u00bb _builder_version=\u00bb4.17.6&#8243; _module_preset=\u00bbdefault\u00bb custom_button=\u00bbon\u00bb button_text_size=\u00bb18px\u00bb button_text_color=\u00bb#FFFFFF\u00bb button_bg_color=\u00bb#fa0375&#8243; button_border_width=\u00bb0px\u00bb button_border_color=\u00bbRGBA(255,255,255,0)\u00bb button_border_radius=\u00bb0px\u00bb button_font=\u00bbFutura Bold|||on|||||\u00bb button_use_icon=\u00bboff\u00bb button_bg_color_tablet=\u00bb#fa0375&#8243; button_bg_color_phone=\u00bb#fa0375&#8243; button_bg_color_last_edited=\u00bbon|desktop\u00bb global_colors_info=\u00bb{}\u00bb button_bg_color__hover_enabled=\u00bbon|hover\u00bb button_bg_color__hover=\u00bb#141414&#8243; button_bg_enable_color__hover=\u00bbon\u00bb][\/et_pb_comments][\/et_pb_column][\/et_pb_row][\/et_pb_section]<\/p>\n","protected":false},"excerpt":{"rendered":"<p>El Contrato Social &#8211; Un acuerdo entre los miembros de nuestra comunidad para cooperar en beneficio social de todos los involucrados.<\/p>\n","protected":false},"author":3,"featured_media":54153,"comment_status":"open","ping_status":"open","sticky":false,"template":"","format":"standard","meta":{"_acf_changed":false,"_et_pb_use_builder":"on","_et_pb_old_content":"","_et_gb_content_width":"","_monsterinsights_skip_tracking":false,"_monsterinsights_sitenote_active":false,"_monsterinsights_sitenote_note":"","_monsterinsights_sitenote_category":0,"footnotes":""},"categories":[243],"tags":[],"class_list":["post-63044","post","type-post","status-publish","format-standard","has-post-thumbnail","hentry","category-sin-categorizar"],"acf":[],"_links":{"self":[{"href":"https:\/\/www.myvacaya.com\/es\/wp-json\/wp\/v2\/posts\/63044","targetHints":{"allow":["GET"]}}],"collection":[{"href":"https:\/\/www.myvacaya.com\/es\/wp-json\/wp\/v2\/posts"}],"about":[{"href":"https:\/\/www.myvacaya.com\/es\/wp-json\/wp\/v2\/types\/post"}],"author":[{"embeddable":true,"href":"https:\/\/www.myvacaya.com\/es\/wp-json\/wp\/v2\/users\/3"}],"replies":[{"embeddable":true,"href":"https:\/\/www.myvacaya.com\/es\/wp-json\/wp\/v2\/comments?post=63044"}],"version-history":[{"count":2,"href":"https:\/\/www.myvacaya.com\/es\/wp-json\/wp\/v2\/posts\/63044\/revisions"}],"predecessor-version":[{"id":63080,"href":"https:\/\/www.myvacaya.com\/es\/wp-json\/wp\/v2\/posts\/63044\/revisions\/63080"}],"wp:featuredmedia":[{"embeddable":true,"href":"https:\/\/www.myvacaya.com\/es\/wp-json\/wp\/v2\/media\/54153"}],"wp:attachment":[{"href":"https:\/\/www.myvacaya.com\/es\/wp-json\/wp\/v2\/media?parent=63044"}],"wp:term":[{"taxonomy":"category","embeddable":true,"href":"https:\/\/www.myvacaya.com\/es\/wp-json\/wp\/v2\/categories?post=63044"},{"taxonomy":"post_tag","embeddable":true,"href":"https:\/\/www.myvacaya.com\/es\/wp-json\/wp\/v2\/tags?post=63044"}],"curies":[{"name":"wp","href":"https:\/\/api.w.org\/{rel}","templated":true}]}}